{"id":2757,"date":"2020-10-14T22:05:39","date_gmt":"2020-10-14T22:05:39","guid":{"rendered":"https:\/\/tvc16.com\/portal\/?p=2757"},"modified":"2020-10-14T22:05:39","modified_gmt":"2020-10-14T22:05:39","slug":"sp-vai-distribuir-chips-com-internet-para-alunos-e-professores","status":"publish","type":"post","link":"https:\/\/tvc16.com\/portal\/2020\/10\/14\/sp-vai-distribuir-chips-com-internet-para-alunos-e-professores\/","title":{"rendered":"SP vai distribuir chips com internet para alunos e professores"},"content":{"rendered":"\n<p>Ser\u00e3o beneficiados 250 mil professores e 500 mil estudantes<\/p>\n\n\n\n<h4 class=\"wp-block-heading\">Por Elaine Patricia Cruz \u2013 Rep\u00f3rter da Ag\u00eancia Brasil &#8211; S\u00e3o Paulo<\/h4>\n\n\n\n<p>Para tentar reduzir a evas\u00e3o escolar neste momento de pandemia do novo coronav\u00edrus, o governo de S\u00e3o Paulo vai distribuir 750 mil&nbsp;<em>chips<\/em>&nbsp;com pacote de internet para os alunos mais carentes da rede p\u00fablica estadual de ensino e tamb\u00e9m para professores. O objetivo \u00e9 tentar garantir conex\u00e3o \u00e0 internet para o ensino remoto e h\u00edbrido, que deve continuar mesmo com o retorno gradual das aulas presenciais. O investimento do governo paulista \u00e9 de R$ 75 milh\u00f5es, para 12 meses.<img decoding=\"async\" src=\"https:\/\/agenciabrasil.ebc.com.br\/ebc.png?id=1390588&amp;o=node\"><img decoding=\"async\" src=\"https:\/\/agenciabrasil.ebc.com.br\/ebc.gif?id=1390588&amp;o=node\"><\/p>\n\n\n\n<p>Do total de&nbsp;<em>chips<\/em>&nbsp;a serem distribu\u00eddos, 250 mil unidades ser\u00e3o destinadas para professores e servidores. Estes chips ter\u00e3o 5&nbsp;<em>gigabytes<\/em>&nbsp;de internet por m\u00eas, com acesso a liga\u00e7\u00f5es e mensagens de SMS. Para alunos mais vulner\u00e1veis,&nbsp;ser\u00e3o distribu\u00eddos 500 mil&nbsp;<em>chips<\/em>&nbsp;mensais&nbsp;com 3&nbsp;<em>gigabytes<\/em>&nbsp;de internet. Neste caso, v\u00e3o receber&nbsp;<em>chips<\/em>&nbsp;os alunos do 8\u00ba e 9\u00ba anos do ensino fundamental e de todas as s\u00e9ries do ensino m\u00e9dio, em situa\u00e7\u00e3o de pobreza e extrema pobreza e que estejam cadastrados no Cadastro \u00danico (Cad\u00danico) do governo federal. A distribui\u00e7\u00e3o ter\u00e1 in\u00edcio em novembro.<\/p>\n\n\n\n<p>&#8220;Os&nbsp;<em>chips<\/em>&nbsp;possibilitar\u00e3o o acesso aos demais aplicativos e sistemas que n\u00e3o utilizam dados patrocinados pelo Centro de M\u00eddias, al\u00e9m de liga\u00e7\u00f5es e mensagens de SMS para professores. Ser\u00e1 uma importante ferramenta para buscarmos os estudantes que est\u00e3o fora da escola, neste ano t\u00e3o at\u00edpico da covid-19&#8243;, disse Rossieli Soares, secret\u00e1rio de estadual da Educa\u00e7\u00e3o.<\/p>\n\n\n\n<h2 class=\"wp-block-heading\">Dia do Professor<\/h2>\n\n\n\n<p>O governo de S\u00e3o Paulo transferiu o ponto facultativo de 15 de outubro, Dia do Professor, para sexta-feira (16). A medida vale para todos os servidores da \u00e1rea da educa\u00e7\u00e3o, exceto para os que trabalham nos \u00f3rg\u00e3os centrais (sede da secretaria, Funda\u00e7\u00e3o para o Desenvolvimento da Educa\u00e7\u00e3o e Escola de Forma\u00e7\u00e3o de Professores).<\/p>\n\n\n\n<p>Edi\u00e7\u00e3o: Aline Leal<\/p>\n","protected":false},"excerpt":{"rendered":"<p>Ser\u00e3o beneficiados 250 mil professores e 500 mil estudantes Por Elaine Patricia Cruz \u2013 Rep\u00f3rter<\/p>\n","protected":false},"author":2,"featured_media":2758,"comment_status":"open","ping_status":"open","sticky":false,"template":"","format":"standard","meta":{"footnotes":""},"categories":[17],"tags":[],"class_list":["post-2757","post","type-post","status-publish","format-standard","has-post-thumbnail","hentry","category-outras-noticias"],"_links":{"self":[{"href":"https:\/\/tvc16.com\/portal\/wp-json\/wp\/v2\/posts\/2757","targetHints":{"allow":["GET"]}}],"collection":[{"href":"https:\/\/tvc16.com\/portal\/wp-json\/wp\/v2\/posts"}],"about":[{"href":"https:\/\/tvc16.com\/portal\/wp-json\/wp\/v2\/types\/post"}],"author":[{"embeddable":true,"href":"https:\/\/tvc16.com\/portal\/wp-json\/wp\/v2\/users\/2"}],"replies":[{"embeddable":true,"href":"https:\/\/tvc16.com\/portal\/wp-json\/wp\/v2\/comments?post=2757"}],"version-history":[{"count":1,"href":"https:\/\/tvc16.com\/portal\/wp-json\/wp\/v2\/posts\/2757\/revisions"}],"predecessor-version":[{"id":2759,"href":"https:\/\/tvc16.com\/portal\/wp-json\/wp\/v2\/posts\/2757\/revisions\/2759"}],"wp:featuredmedia":[{"embeddable":true,"href":"https:\/\/tvc16.com\/portal\/wp-json\/wp\/v2\/media\/2758"}],"wp:attachment":[{"href":"https:\/\/tvc16.com\/portal\/wp-json\/wp\/v2\/media?parent=2757"}],"wp:term":[{"taxonomy":"category","embeddable":true,"href":"https:\/\/tvc16.com\/portal\/wp-json\/wp\/v2\/categories?post=2757"},{"taxonomy":"post_tag","embeddable":true,"href":"https:\/\/tvc16.com\/portal\/wp-json\/wp\/v2\/tags?post=2757"}],"curies":[{"name":"wp","href":"https:\/\/api.w.org\/{rel}","templated":true}]}}