{"id":276,"date":"2020-09-11T00:42:02","date_gmt":"2020-09-11T00:42:02","guid":{"rendered":"https:\/\/tvc16.com\/portal\/?p=276"},"modified":"2020-09-11T00:42:02","modified_gmt":"2020-09-11T00:42:02","slug":"governador-do-rio-continua-afastado-do-cargo","status":"publish","type":"post","link":"https:\/\/tvc16.com\/portal\/2020\/09\/11\/governador-do-rio-continua-afastado-do-cargo\/","title":{"rendered":"Governador do Rio continua afastado do cargo"},"content":{"rendered":"<p>O ministro&nbsp;Dias Toffoli, presidente do Supremo Tribunal Federal (STF), negou nesta quarta-feira (9) suspender o&nbsp;afastamento&nbsp;do governador do Rio de Janeiro,&nbsp;Wilson Witzel&nbsp;(PSC). O recurso foi apresentado pela defesa de Witzel. O governador Wilson Witzel foi afastado do cargo pelo ministro Benedito Gon\u00e7alves, do Superior Tribunal de Justi\u00e7a (STJ),&nbsp;em 28 de agosto. Desde ent\u00e3o,&nbsp;o governador afastado tem recorrido&nbsp;ao pr\u00f3prio STJ e ao STF.<br \/>\nNo \u00faltimo dia 2, a Corte Especial do STJ decidiu, por 14 votos a 1,&nbsp;manter o afastamento de Witzel<br \/>\nO afastamento vale por 180 dias e foi determinado a pedido da PGR na&nbsp;Opera\u00e7\u00e3o Tris In Idem, que investiga irregularidades e desvios na secretaria de sa\u00fade. O governador, &nbsp;nega as acusa\u00e7\u00f5es.<\/p>\n","protected":false},"excerpt":{"rendered":"<p>O ministro&nbsp;Dias Toffoli, presidente do Supremo Tribunal Federal (STF), negou nesta quarta-feira (9) suspender o&nbsp;afastamento&nbsp;do<\/p>\n","protected":false},"author":1,"featured_media":277,"comment_status":"open","ping_status":"open","sticky":false,"template":"","format":"standard","meta":{"footnotes":""},"categories":[12],"tags":[],"class_list":["post-276","post","type-post","status-publish","format-standard","has-post-thumbnail","hentry","category-cidade"],"_links":{"self":[{"href":"https:\/\/tvc16.com\/portal\/wp-json\/wp\/v2\/posts\/276","targetHints":{"allow":["GET"]}}],"collection":[{"href":"https:\/\/tvc16.com\/portal\/wp-json\/wp\/v2\/posts"}],"about":[{"href":"https:\/\/tvc16.com\/portal\/wp-json\/wp\/v2\/types\/post"}],"author":[{"embeddable":true,"href":"https:\/\/tvc16.com\/portal\/wp-json\/wp\/v2\/users\/1"}],"replies":[{"embeddable":true,"href":"https:\/\/tvc16.com\/portal\/wp-json\/wp\/v2\/comments?post=276"}],"version-history":[{"count":1,"href":"https:\/\/tvc16.com\/portal\/wp-json\/wp\/v2\/posts\/276\/revisions"}],"predecessor-version":[{"id":278,"href":"https:\/\/tvc16.com\/portal\/wp-json\/wp\/v2\/posts\/276\/revisions\/278"}],"wp:featuredmedia":[{"embeddable":true,"href":"https:\/\/tvc16.com\/portal\/wp-json\/wp\/v2\/media\/277"}],"wp:attachment":[{"href":"https:\/\/tvc16.com\/portal\/wp-json\/wp\/v2\/media?parent=276"}],"wp:term":[{"taxonomy":"category","embeddable":true,"href":"https:\/\/tvc16.com\/portal\/wp-json\/wp\/v2\/categories?post=276"},{"taxonomy":"post_tag","embeddable":true,"href":"https:\/\/tvc16.com\/portal\/wp-json\/wp\/v2\/tags?post=276"}],"curies":[{"name":"wp","href":"https:\/\/api.w.org\/{rel}","templated":true}]}}