{"id":2760,"date":"2020-10-15T12:52:03","date_gmt":"2020-10-15T12:52:03","guid":{"rendered":"https:\/\/tvc16.com\/portal\/?p=2760"},"modified":"2020-10-15T12:58:29","modified_gmt":"2020-10-15T12:58:29","slug":"diocese-de-petropolis-confirma-alta-medica-da-uti-de-pe-francisco","status":"publish","type":"post","link":"https:\/\/tvc16.com\/portal\/2020\/10\/15\/diocese-de-petropolis-confirma-alta-medica-da-uti-de-pe-francisco\/","title":{"rendered":"Diocese de Petr\u00f3polis confirma alta m\u00e9dica da UTI de Pe. Francisco"},"content":{"rendered":"\n<p>A Diocese de Petr\u00f3polis informou nesta quinta-feira (15) que o padre Francisco Montemezzo, teve alta da Unidade de Terapia Intensiva (UTI) do Hospital Unimed, onde se encontrava internado desde a \u00faltima sexta-feira (09), e foi transferido para o quarto onde continuar\u00e1 em observa\u00e7\u00e3o.<\/p>\n\n\n\n<p>&#8220;As visitas ainda est\u00e3o restritas. Pe\u00e7o a paci\u00eancia de todos nesse quesito.Pe. Francisco est\u00e1 com o cognitivo perfeito e n\u00e3o cansa de rezar por todos n\u00f3s, oferecendo suas dores pela santifica\u00e7\u00e3o do clero e das fam\u00edlias. Em breves dias, se Deus assim permitir, sair\u00e1 do hospital para o conforto do local onde continuar\u00e1 seu tratamento&#8221;, disse o bispo diocesano Dom Greg\u00f3rio Paix\u00e3o.<\/p>\n","protected":false},"excerpt":{"rendered":"<p>A Diocese de Petr\u00f3polis informou nesta quinta-feira (15) que o padre Francisco Montemezzo, teve alta<\/p>\n","protected":false},"author":2,"featured_media":2761,"comment_status":"open","ping_status":"open","sticky":false,"template":"","format":"standard","meta":{"footnotes":""},"categories":[12],"tags":[],"class_list":["post-2760","post","type-post","status-publish","format-standard","has-post-thumbnail","hentry","category-cidade"],"_links":{"self":[{"href":"https:\/\/tvc16.com\/portal\/wp-json\/wp\/v2\/posts\/2760","targetHints":{"allow":["GET"]}}],"collection":[{"href":"https:\/\/tvc16.com\/portal\/wp-json\/wp\/v2\/posts"}],"about":[{"href":"https:\/\/tvc16.com\/portal\/wp-json\/wp\/v2\/types\/post"}],"author":[{"embeddable":true,"href":"https:\/\/tvc16.com\/portal\/wp-json\/wp\/v2\/users\/2"}],"replies":[{"embeddable":true,"href":"https:\/\/tvc16.com\/portal\/wp-json\/wp\/v2\/comments?post=2760"}],"version-history":[{"count":2,"href":"https:\/\/tvc16.com\/portal\/wp-json\/wp\/v2\/posts\/2760\/revisions"}],"predecessor-version":[{"id":2763,"href":"https:\/\/tvc16.com\/portal\/wp-json\/wp\/v2\/posts\/2760\/revisions\/2763"}],"wp:featuredmedia":[{"embeddable":true,"href":"https:\/\/tvc16.com\/portal\/wp-json\/wp\/v2\/media\/2761"}],"wp:attachment":[{"href":"https:\/\/tvc16.com\/portal\/wp-json\/wp\/v2\/media?parent=2760"}],"wp:term":[{"taxonomy":"category","embeddable":true,"href":"https:\/\/tvc16.com\/portal\/wp-json\/wp\/v2\/categories?post=2760"},{"taxonomy":"post_tag","embeddable":true,"href":"https:\/\/tvc16.com\/portal\/wp-json\/wp\/v2\/tags?post=2760"}],"curies":[{"name":"wp","href":"https:\/\/api.w.org\/{rel}","templated":true}]}}