{"id":2770,"date":"2020-10-15T16:03:57","date_gmt":"2020-10-15T16:03:57","guid":{"rendered":"https:\/\/tvc16.com\/portal\/?p=2770"},"modified":"2020-10-15T16:03:57","modified_gmt":"2020-10-15T16:03:57","slug":"atividade-economica-tem-alta-de-106-em-agosto-diz-banco-central","status":"publish","type":"post","link":"https:\/\/tvc16.com\/portal\/2020\/10\/15\/atividade-economica-tem-alta-de-106-em-agosto-diz-banco-central\/","title":{"rendered":"Atividade econ\u00f4mica tem alta de 1,06% em agosto, diz Banco Central"},"content":{"rendered":"\n<p>Na compara\u00e7\u00e3o com julho de 2019, houve queda de 3,92%<\/p>\n\n\n\n<h4 class=\"wp-block-heading\">Por Andreia Verd\u00e9lio \u2013 Rep\u00f3rter da Ag\u00eancia Brasil &#8211; Bras\u00edlia<\/h4>\n\n\n\n<p>A atividade econ\u00f4mica brasileira registrou alta em agosto, de acordo com os dados divulgados hoje (15) pelo Banco Central (BC). \u00c9 o quarto m\u00eas consecutivo de crescimento, ap\u00f3s as quedas nos meses de mar\u00e7o e abril, devido \u00e0s medidas de isolamento social necess\u00e1rias para o enfrentamento da pandemia de covid-19.<img decoding=\"async\" src=\"https:\/\/agenciabrasil.ebc.com.br\/ebc.png?id=1390695&amp;o=node\"><img decoding=\"async\" src=\"https:\/\/agenciabrasil.ebc.com.br\/ebc.gif?id=1390695&amp;o=node\"><\/p>\n\n\n\n<p>O \u00cdndice de Atividade Econ\u00f4mica do Banco Central (IBC-Br), dessazonalizado (ajustado para o per\u00edodo), apresentou expans\u00e3o de 1,06% em agosto, em rela\u00e7\u00e3o a julho. Mas na compara\u00e7\u00e3o com julho de 2019, houve queda de 3,92% (sem ajuste para o per\u00edodo, j\u00e1 que a compara\u00e7\u00e3o \u00e9 entre meses iguais). Em 12 meses encerrados em agosto, o indicador tamb\u00e9m teve queda de 3,09%. No ano, o IBC-Br ficou negativo em 5,44%.<\/p>\n\n\n\n<p>O IBC-Br \u00e9 uma forma de avaliar a evolu\u00e7\u00e3o da atividade econ\u00f4mica brasileira e ajuda o BC a tomar suas decis\u00f5es sobre a taxa b\u00e1sica de juros, a Selic. O \u00edndice incorpora informa\u00e7\u00f5es sobre o n\u00edvel de atividade dos tr\u00eas setores da economia: ind\u00fastria, com\u00e9rcio e servi\u00e7os e agropecu\u00e1ria, al\u00e9m do volume de impostos.<\/p>\n\n\n\n<p>O indicador foi criado pelo Banco Central para tentar antecipar, por aproxima\u00e7\u00e3o, a evolu\u00e7\u00e3o da atividade econ\u00f4mica. Entretanto, o indicador oficial \u00e9 o Produto Interno Bruto (PIB, soma dos bens e servi\u00e7os produzidos no pa\u00eds), calculado pelo Instituto Brasileiro de Geografia e Estat\u00edstica (IBGE). Para o mercado financeiro, o PIB deve registrar queda de 5,03%, em 2020.<\/p>\n\n\n\n<p>Edi\u00e7\u00e3o: Maria Claudia<\/p>\n","protected":false},"excerpt":{"rendered":"<p>Na compara\u00e7\u00e3o com julho de 2019, houve queda de 3,92% Por Andreia Verd\u00e9lio \u2013 Rep\u00f3rter<\/p>\n","protected":false},"author":2,"featured_media":2771,"comment_status":"open","ping_status":"open","sticky":false,"template":"","format":"standard","meta":{"footnotes":""},"categories":[18],"tags":[],"class_list":["post-2770","post","type-post","status-publish","format-standard","has-post-thumbnail","hentry","category-economia"],"_links":{"self":[{"href":"https:\/\/tvc16.com\/portal\/wp-json\/wp\/v2\/posts\/2770","targetHints":{"allow":["GET"]}}],"collection":[{"href":"https:\/\/tvc16.com\/portal\/wp-json\/wp\/v2\/posts"}],"about":[{"href":"https:\/\/tvc16.com\/portal\/wp-json\/wp\/v2\/types\/post"}],"author":[{"embeddable":true,"href":"https:\/\/tvc16.com\/portal\/wp-json\/wp\/v2\/users\/2"}],"replies":[{"embeddable":true,"href":"https:\/\/tvc16.com\/portal\/wp-json\/wp\/v2\/comments?post=2770"}],"version-history":[{"count":1,"href":"https:\/\/tvc16.com\/portal\/wp-json\/wp\/v2\/posts\/2770\/revisions"}],"predecessor-version":[{"id":2772,"href":"https:\/\/tvc16.com\/portal\/wp-json\/wp\/v2\/posts\/2770\/revisions\/2772"}],"wp:featuredmedia":[{"embeddable":true,"href":"https:\/\/tvc16.com\/portal\/wp-json\/wp\/v2\/media\/2771"}],"wp:attachment":[{"href":"https:\/\/tvc16.com\/portal\/wp-json\/wp\/v2\/media?parent=2770"}],"wp:term":[{"taxonomy":"category","embeddable":true,"href":"https:\/\/tvc16.com\/portal\/wp-json\/wp\/v2\/categories?post=2770"},{"taxonomy":"post_tag","embeddable":true,"href":"https:\/\/tvc16.com\/portal\/wp-json\/wp\/v2\/tags?post=2770"}],"curies":[{"name":"wp","href":"https:\/\/api.w.org\/{rel}","templated":true}]}}