{"id":2773,"date":"2020-10-15T16:04:56","date_gmt":"2020-10-15T16:04:56","guid":{"rendered":"https:\/\/tvc16.com\/portal\/?p=2773"},"modified":"2020-10-15T16:04:56","modified_gmt":"2020-10-15T16:04:56","slug":"inss-prorroga-interrupcao-de-bloqueio-de-beneficios","status":"publish","type":"post","link":"https:\/\/tvc16.com\/portal\/2020\/10\/15\/inss-prorroga-interrupcao-de-bloqueio-de-beneficios\/","title":{"rendered":"INSS prorroga interrup\u00e7\u00e3o de bloqueio de benef\u00edcios"},"content":{"rendered":"\n<p>Medida saiu no Di\u00e1rio Oficial desta quinta-feira<\/p>\n\n\n\n<h4 class=\"wp-block-heading\">Por Pedro Peduzzi &#8211; Rep\u00f3rter da Ag\u00eancia Brasil &#8211; Bras\u00edlia<\/h4>\n\n\n\n<p>Uma portaria publicada pelo Instituto Nacional do Seguro Social (INSS) no&nbsp;<em>Di\u00e1rio Oficial da Uni\u00e3o<\/em>&nbsp;de hoje (15) prorroga a interrup\u00e7\u00e3o do bloqueio, por falta de comprova\u00e7\u00e3o de vida de seus benefici\u00e1rios, dos cr\u00e9ditos de benef\u00edcios que t\u00eam como destino pessoas residentes no Brasil ou no exterior.<img decoding=\"async\" src=\"https:\/\/agenciabrasil.ebc.com.br\/ebc.png?id=1390691&amp;o=node\"><img decoding=\"async\" src=\"https:\/\/agenciabrasil.ebc.com.br\/ebc.gif?id=1390691&amp;o=node\"><\/p>\n\n\n\n<p>Segundo a portaria n\u00ba 1.053, de 13 de outubro, a prorroga\u00e7\u00e3o da interrup\u00e7\u00e3o desses bloqueios vale, a princ\u00edpio, por mais uma compet\u00eancia (outubro de 2020). Assim sendo, s\u00f3 a partir de novembro que o benefici\u00e1rio correr\u00e1 risco de perder o benef\u00edcio, caso a medida n\u00e3o seja novamente prorrogada ou caso ele n\u00e3o fa\u00e7a a comprova\u00e7\u00e3o de vida.<\/p>\n\n\n\n<p>O INSS esclarece que essa interrup\u00e7\u00e3o n\u00e3o prejudicar\u00e1 a rotina e as obriga\u00e7\u00f5es contratuais estabelecidas entre o instituto e a rede banc\u00e1ria pagadora de benef\u00edcios. Com isso, a comprova\u00e7\u00e3o de vida junto \u00e0 rede banc\u00e1ria deve ser feita normalmente.<\/p>\n\n\n\n<p>Ainda segundo a portaria, o encaminhamento das comprova\u00e7\u00f5es de vida realizadas pelos residentes no exterior deve ser feito junto a representa\u00e7\u00f5es diplom\u00e1ticas ou consulares brasileiras no exterior ou por interm\u00e9dio do preenchimento do Formul\u00e1rio Espec\u00edfico de Atestado de Vida para comprova\u00e7\u00e3o perante o INSS.<\/p>\n\n\n\n<p>Esse formul\u00e1rio precisa ser assinado na presen\u00e7a de um \u201cnot\u00e1rio p\u00fablico local e devidamente apostilado pelos \u00f3rg\u00e3os designados em cada pa\u00eds, para os casos de residentes em pa\u00edses signat\u00e1rios da Conven\u00e7\u00e3o sobre a Elimina\u00e7\u00e3o da Exig\u00eancia de Legaliza\u00e7\u00e3o de Documentos P\u00fablicos Estrangeiros\u201d.<\/p>\n\n\n\n<p>Edi\u00e7\u00e3o: Kleber Sampaio<\/p>\n","protected":false},"excerpt":{"rendered":"<p>Medida saiu no Di\u00e1rio Oficial desta quinta-feira Por Pedro Peduzzi &#8211; Rep\u00f3rter da Ag\u00eancia Brasil<\/p>\n","protected":false},"author":2,"featured_media":2774,"comment_status":"open","ping_status":"open","sticky":false,"template":"","format":"standard","meta":{"footnotes":""},"categories":[14],"tags":[],"class_list":["post-2773","post","type-post","status-publish","format-standard","has-post-thumbnail","hentry","category-pais"],"_links":{"self":[{"href":"https:\/\/tvc16.com\/portal\/wp-json\/wp\/v2\/posts\/2773","targetHints":{"allow":["GET"]}}],"collection":[{"href":"https:\/\/tvc16.com\/portal\/wp-json\/wp\/v2\/posts"}],"about":[{"href":"https:\/\/tvc16.com\/portal\/wp-json\/wp\/v2\/types\/post"}],"author":[{"embeddable":true,"href":"https:\/\/tvc16.com\/portal\/wp-json\/wp\/v2\/users\/2"}],"replies":[{"embeddable":true,"href":"https:\/\/tvc16.com\/portal\/wp-json\/wp\/v2\/comments?post=2773"}],"version-history":[{"count":1,"href":"https:\/\/tvc16.com\/portal\/wp-json\/wp\/v2\/posts\/2773\/revisions"}],"predecessor-version":[{"id":2775,"href":"https:\/\/tvc16.com\/portal\/wp-json\/wp\/v2\/posts\/2773\/revisions\/2775"}],"wp:featuredmedia":[{"embeddable":true,"href":"https:\/\/tvc16.com\/portal\/wp-json\/wp\/v2\/media\/2774"}],"wp:attachment":[{"href":"https:\/\/tvc16.com\/portal\/wp-json\/wp\/v2\/media?parent=2773"}],"wp:term":[{"taxonomy":"category","embeddable":true,"href":"https:\/\/tvc16.com\/portal\/wp-json\/wp\/v2\/categories?post=2773"},{"taxonomy":"post_tag","embeddable":true,"href":"https:\/\/tvc16.com\/portal\/wp-json\/wp\/v2\/tags?post=2773"}],"curies":[{"name":"wp","href":"https:\/\/api.w.org\/{rel}","templated":true}]}}