{"id":2776,"date":"2020-10-15T16:05:58","date_gmt":"2020-10-15T16:05:58","guid":{"rendered":"https:\/\/tvc16.com\/portal\/?p=2776"},"modified":"2020-10-15T16:05:58","modified_gmt":"2020-10-15T16:05:58","slug":"pf-faz-operacao-contra-pagamento-de-propina-a-policiais-no-rio","status":"publish","type":"post","link":"https:\/\/tvc16.com\/portal\/2020\/10\/15\/pf-faz-operacao-contra-pagamento-de-propina-a-policiais-no-rio\/","title":{"rendered":"PF faz opera\u00e7\u00e3o contra pagamento de propina a policiais no Rio"},"content":{"rendered":"\n<p>S\u00e3o cumpridos mandados de pris\u00e3o preventiva e 33 de busca e apreens\u00e3o<\/p>\n\n\n\n<h4 class=\"wp-block-heading\">Por Vitor Abdala &#8211; Rep\u00f3rter da Ag\u00eancia Brasil &#8211; Rio de Janeiro<\/h4>\n\n\n\n<p>A Pol\u00edcia Federal (PF) faz hoje (15) opera\u00e7\u00e3o contra um esquema de pagamento de propina por empres\u00e1rios a policiais em troca de prote\u00e7\u00e3o em investiga\u00e7\u00f5es. Est\u00e3o sendo cumpridos dois mandados de pris\u00e3o preventiva e 33 mandados de busca e apreens\u00e3o.<img decoding=\"async\" src=\"https:\/\/agenciabrasil.ebc.com.br\/ebc.png?id=1390682&amp;o=node\"><img decoding=\"async\" src=\"https:\/\/agenciabrasil.ebc.com.br\/ebc.gif?id=1390682&amp;o=node\"><\/p>\n\n\n\n<p>Essa \u00e9 a segunda fase da opera\u00e7\u00e3o Tergiversa\u00e7\u00e3o, desencadeada em 2019, que investigou a cobran\u00e7a por policiais federais de propinas a investigados nos inqu\u00e9ritos Titanium (de fraudes envolvendo o plano de sa\u00fade dos Correios) e Viupostalis\/Recome\u00e7o (de fraudes envolvendo o Postalis, fundo de pens\u00e3o dos Correios).<\/p>\n\n\n\n<p>O esquema de corrup\u00e7\u00e3o envolvia um delegado e um escriv\u00e3o do N\u00facleo de Repress\u00e3o a Crimes Postais da Delegacia Federal de Repress\u00e3o a Crimes contra o Patrim\u00f4nio (Delepat) do Rio de Janeiro.<\/p>\n\n\n\n<p>Na opera\u00e7\u00e3o de hoje, os alvos s\u00e3o outros empres\u00e1rios que participaram do esquema de pagamento de propinas aos agentes p\u00fablicos e advogados que atuaram como intermedi\u00e1rios das cobran\u00e7as das propinas. De acordo com a PF, tamb\u00e9m s\u00e3o alvos servidores p\u00fablicos federais e estaduais.<\/p>\n\n\n\n<p>Ainda segundo a PF, as vantagens indevidas recebidas pelos integrantes da organiza\u00e7\u00e3o criminosa giram em torno de R$ 10 milh\u00f5es.<\/p>\n\n\n\n<p>*<em>Mat\u00e9ria alterada \u00e0s 9h24 para acr\u00e9scimo de informa\u00e7\u00f5es<\/em><\/p>\n\n\n\n<p>Edi\u00e7\u00e3o: Kleber Sampaio<\/p>\n","protected":false},"excerpt":{"rendered":"<p>S\u00e3o cumpridos mandados de pris\u00e3o preventiva e 33 de busca e apreens\u00e3o Por Vitor Abdala<\/p>\n","protected":false},"author":2,"featured_media":2777,"comment_status":"open","ping_status":"open","sticky":false,"template":"","format":"standard","meta":{"footnotes":""},"categories":[17],"tags":[],"class_list":["post-2776","post","type-post","status-publish","format-standard","has-post-thumbnail","hentry","category-outras-noticias"],"_links":{"self":[{"href":"https:\/\/tvc16.com\/portal\/wp-json\/wp\/v2\/posts\/2776","targetHints":{"allow":["GET"]}}],"collection":[{"href":"https:\/\/tvc16.com\/portal\/wp-json\/wp\/v2\/posts"}],"about":[{"href":"https:\/\/tvc16.com\/portal\/wp-json\/wp\/v2\/types\/post"}],"author":[{"embeddable":true,"href":"https:\/\/tvc16.com\/portal\/wp-json\/wp\/v2\/users\/2"}],"replies":[{"embeddable":true,"href":"https:\/\/tvc16.com\/portal\/wp-json\/wp\/v2\/comments?post=2776"}],"version-history":[{"count":1,"href":"https:\/\/tvc16.com\/portal\/wp-json\/wp\/v2\/posts\/2776\/revisions"}],"predecessor-version":[{"id":2778,"href":"https:\/\/tvc16.com\/portal\/wp-json\/wp\/v2\/posts\/2776\/revisions\/2778"}],"wp:featuredmedia":[{"embeddable":true,"href":"https:\/\/tvc16.com\/portal\/wp-json\/wp\/v2\/media\/2777"}],"wp:attachment":[{"href":"https:\/\/tvc16.com\/portal\/wp-json\/wp\/v2\/media?parent=2776"}],"wp:term":[{"taxonomy":"category","embeddable":true,"href":"https:\/\/tvc16.com\/portal\/wp-json\/wp\/v2\/categories?post=2776"},{"taxonomy":"post_tag","embeddable":true,"href":"https:\/\/tvc16.com\/portal\/wp-json\/wp\/v2\/tags?post=2776"}],"curies":[{"name":"wp","href":"https:\/\/api.w.org\/{rel}","templated":true}]}}