{"id":279,"date":"2020-09-11T00:43:10","date_gmt":"2020-09-11T00:43:10","guid":{"rendered":"https:\/\/tvc16.com\/portal\/?p=279"},"modified":"2020-09-11T00:43:10","modified_gmt":"2020-09-11T00:43:10","slug":"firjan-senai-abre-4-500-vagas-para-cursos-de-qualificacao-profissional-a-distancia-em-todo-o-estado-do-rio","status":"publish","type":"post","link":"https:\/\/tvc16.com\/portal\/2020\/09\/11\/firjan-senai-abre-4-500-vagas-para-cursos-de-qualificacao-profissional-a-distancia-em-todo-o-estado-do-rio\/","title":{"rendered":"Firjan SENAI abre 4.500 vagas para cursos de qualifica\u00e7\u00e3o profissional a dist\u00e2ncia em todo o estado do Rio"},"content":{"rendered":"<p>Inscri\u00e7\u00f5es seguem at\u00e9 domingo, 13 de setembro.&nbsp;As oportunidades s\u00e3o para candidatos com renda familiar mensal per capita bruta de no m\u00e1ximo 1,5 sal\u00e1rios m\u00ednimos federal, com idade e escolaridade de acordo com o t\u00edtulo escolhido.<br \/>\nA&nbsp;Firjan SENAI&nbsp;oferece&nbsp;4.500 vagas gratuitas&nbsp;para&nbsp;cursos da modalidade qualifica\u00e7\u00e3o profissional a dist\u00e2ncia&nbsp;em todo o estado do Rio. As oportunidades est\u00e3o divididas em dois editais:&nbsp;2.500 para o p\u00fablico em geral&nbsp;e&nbsp;2.000 destinadas exclusivamente a trabalhadores e ex-trabalhadores da ind\u00fastria e seus dependentes. As&nbsp;inscri\u00e7\u00f5es&nbsp;devem ser realizadas at\u00e9 o&nbsp;dia 13 de setembro, no site&nbsp;www.firjansenai.com.br\/vagasgratuitas.<\/p>\n<p>S\u00e3o 23 t\u00edtulos, com&nbsp;carga hor\u00e1ria entre 160 e 260 horas, e o&nbsp;in\u00edcio das aulas ser\u00e1 a partir do dia 15\/09. As oportunidades s\u00e3o para diversas \u00e1reas, como Mec\u00e2nico de Refrigera\u00e7\u00e3o e Climatiza\u00e7\u00e3o Residencial; Editor de V\u00eddeos; Editor de Projeto Visual Gr\u00e1fico; Supervisor de Confec\u00e7\u00e3o; Administrador de Banco de Dados;&nbsp;Assistente de Moda; Eletricista de Autom\u00f3veis; Assistente de Marketing Digital; Desenvolvedor de Aplicativos e Auxiliar de Opera\u00e7\u00f5es em Log\u00edstica.<\/p>\n<p>Para se inscrever, o candidato deve possuir&nbsp;renda familiar mensal per capita de no m\u00e1ximo 1,5 sal\u00e1rio m\u00ednimo federal, pr\u00e9-requisitos de&nbsp;idade e escolaridade&nbsp;s\u00e3o&nbsp;de&nbsp;acordo com&nbsp;cada t\u00edtulo, entre outros.<\/p>\n","protected":false},"excerpt":{"rendered":"<p>Inscri\u00e7\u00f5es seguem at\u00e9 domingo, 13 de setembro.&nbsp;As oportunidades s\u00e3o para candidatos com renda familiar mensal<\/p>\n","protected":false},"author":1,"featured_media":280,"comment_status":"open","ping_status":"open","sticky":false,"template":"","format":"standard","meta":{"footnotes":""},"categories":[12],"tags":[],"class_list":["post-279","post","type-post","status-publish","format-standard","has-post-thumbnail","hentry","category-cidade"],"_links":{"self":[{"href":"https:\/\/tvc16.com\/portal\/wp-json\/wp\/v2\/posts\/279","targetHints":{"allow":["GET"]}}],"collection":[{"href":"https:\/\/tvc16.com\/portal\/wp-json\/wp\/v2\/posts"}],"about":[{"href":"https:\/\/tvc16.com\/portal\/wp-json\/wp\/v2\/types\/post"}],"author":[{"embeddable":true,"href":"https:\/\/tvc16.com\/portal\/wp-json\/wp\/v2\/users\/1"}],"replies":[{"embeddable":true,"href":"https:\/\/tvc16.com\/portal\/wp-json\/wp\/v2\/comments?post=279"}],"version-history":[{"count":1,"href":"https:\/\/tvc16.com\/portal\/wp-json\/wp\/v2\/posts\/279\/revisions"}],"predecessor-version":[{"id":281,"href":"https:\/\/tvc16.com\/portal\/wp-json\/wp\/v2\/posts\/279\/revisions\/281"}],"wp:featuredmedia":[{"embeddable":true,"href":"https:\/\/tvc16.com\/portal\/wp-json\/wp\/v2\/media\/280"}],"wp:attachment":[{"href":"https:\/\/tvc16.com\/portal\/wp-json\/wp\/v2\/media?parent=279"}],"wp:term":[{"taxonomy":"category","embeddable":true,"href":"https:\/\/tvc16.com\/portal\/wp-json\/wp\/v2\/categories?post=279"},{"taxonomy":"post_tag","embeddable":true,"href":"https:\/\/tvc16.com\/portal\/wp-json\/wp\/v2\/tags?post=279"}],"curies":[{"name":"wp","href":"https:\/\/api.w.org\/{rel}","templated":true}]}}