{"id":2790,"date":"2020-10-15T16:14:40","date_gmt":"2020-10-15T16:14:40","guid":{"rendered":"https:\/\/tvc16.com\/portal\/?p=2790"},"modified":"2020-10-15T16:14:40","modified_gmt":"2020-10-15T16:14:40","slug":"indicador-antecedente-da-economia-brasileira-cresce-12-em-setembro","status":"publish","type":"post","link":"https:\/\/tvc16.com\/portal\/2020\/10\/15\/indicador-antecedente-da-economia-brasileira-cresce-12-em-setembro\/","title":{"rendered":"Indicador antecedente da economia brasileira cresce 1,2% em setembro"},"content":{"rendered":"\n<p>Segundo a FGV, o indicador chegou a 121,9 pontos<\/p>\n\n\n\n<h4 class=\"wp-block-heading\">Por Vitor Abdala &#8211; Rep\u00f3rter da Ag\u00eancia Brasil &#8211; Rio de Janeiro<\/h4>\n\n\n\n<p>O Indicador Antecedente Composto da Economia Brasileira (Iace), da Funda\u00e7\u00e3o Getulio Vargas (FGV), teve alta de 1,2% em setembro deste ano. Com isso, o indicador chegou a 121,9 pontos, 1,9 ponto acima de fevereiro, ou seja, do per\u00edodo pr\u00e9-pandemia no Brasil.<img decoding=\"async\" src=\"https:\/\/agenciabrasil.ebc.com.br\/ebc.png?id=1390704&amp;o=node\"><img decoding=\"async\" src=\"https:\/\/agenciabrasil.ebc.com.br\/ebc.gif?id=1390704&amp;o=node\"><\/p>\n\n\n\n<p>O indicador, que acumula alta de 8,6% em seis meses, busca antecipar tend\u00eancias da economia do pa\u00eds com base em oito componentes: taxa referencial de&nbsp;<em>swaps<\/em>&nbsp;DI pr\u00e9-fixada &#8211; 360 dias (do Banco Central), Ibovespa, \u00cdndice de produ\u00e7\u00e3o f\u00edsica de bens de consumo dur\u00e1veis (do IBGE), \u00edndices de termos de troca e de quantum de exporta\u00e7\u00f5es (ambos da Funcex), al\u00e9m dos \u00edndices de expectativas da ind\u00fastria, servi\u00e7os e consumidor (da FGV).<\/p>\n\n\n\n<p>J\u00e1 o Indicador Coincidente Composto da Economia Brasileira (ICCE), que mensura as condi\u00e7\u00f5es econ\u00f4micas atuais, ficou est\u00e1vel em 103,9 pontos, no mesmo per\u00edodo. Em seis meses, o indicador acumula alta de 1,8%.<\/p>\n\n\n\n<p>Edi\u00e7\u00e3o: Val\u00e9ria Aguiar<\/p>\n","protected":false},"excerpt":{"rendered":"<p>Segundo a FGV, o indicador chegou a 121,9 pontos Por Vitor Abdala &#8211; Rep\u00f3rter da<\/p>\n","protected":false},"author":2,"featured_media":2791,"comment_status":"open","ping_status":"open","sticky":false,"template":"","format":"standard","meta":{"footnotes":""},"categories":[18],"tags":[],"class_list":["post-2790","post","type-post","status-publish","format-standard","has-post-thumbnail","hentry","category-economia"],"_links":{"self":[{"href":"https:\/\/tvc16.com\/portal\/wp-json\/wp\/v2\/posts\/2790","targetHints":{"allow":["GET"]}}],"collection":[{"href":"https:\/\/tvc16.com\/portal\/wp-json\/wp\/v2\/posts"}],"about":[{"href":"https:\/\/tvc16.com\/portal\/wp-json\/wp\/v2\/types\/post"}],"author":[{"embeddable":true,"href":"https:\/\/tvc16.com\/portal\/wp-json\/wp\/v2\/users\/2"}],"replies":[{"embeddable":true,"href":"https:\/\/tvc16.com\/portal\/wp-json\/wp\/v2\/comments?post=2790"}],"version-history":[{"count":1,"href":"https:\/\/tvc16.com\/portal\/wp-json\/wp\/v2\/posts\/2790\/revisions"}],"predecessor-version":[{"id":2792,"href":"https:\/\/tvc16.com\/portal\/wp-json\/wp\/v2\/posts\/2790\/revisions\/2792"}],"wp:featuredmedia":[{"embeddable":true,"href":"https:\/\/tvc16.com\/portal\/wp-json\/wp\/v2\/media\/2791"}],"wp:attachment":[{"href":"https:\/\/tvc16.com\/portal\/wp-json\/wp\/v2\/media?parent=2790"}],"wp:term":[{"taxonomy":"category","embeddable":true,"href":"https:\/\/tvc16.com\/portal\/wp-json\/wp\/v2\/categories?post=2790"},{"taxonomy":"post_tag","embeddable":true,"href":"https:\/\/tvc16.com\/portal\/wp-json\/wp\/v2\/tags?post=2790"}],"curies":[{"name":"wp","href":"https:\/\/api.w.org\/{rel}","templated":true}]}}