{"id":27919,"date":"2022-01-07T15:45:49","date_gmt":"2022-01-07T18:45:49","guid":{"rendered":"https:\/\/tvc16.com\/portal\/?p=27919"},"modified":"2022-01-07T15:45:50","modified_gmt":"2022-01-07T18:45:50","slug":"educacao-transformadora-17-escolas-municipais-funcionarao-em-horario-integral-este-ano","status":"publish","type":"post","link":"https:\/\/tvc16.com\/portal\/2022\/01\/07\/educacao-transformadora-17-escolas-municipais-funcionarao-em-horario-integral-este-ano\/","title":{"rendered":"Educa\u00e7\u00e3o transformadora: 17 escolas municipais funcionar\u00e3o em hor\u00e1rio integral este ano"},"content":{"rendered":"\n<p>A partir deste ano letivo de 2022, 16 escolas municipais de 1\u00ba segmento e 1 unidade escolar do 2\u00ba segmento funcionar\u00e3o em hor\u00e1rio integral em Teres\u00f3polis, atendendo um total de 1.770 alunos, das 7h30 \u00e0s 15h30.<\/p>\n\n\n\n<p>\u201cEm expans\u00e3o desde que a gest\u00e3o Vinicius Claussen assumiu a Prefeitura de Teres\u00f3polis, mais uma conquista para o munic\u00edpio se desenha, com 17 escolas de tempo integral no ano letivo de 2022, contemplando a zona urbana, o 2\u00ba e o 3\u00ba distritos\u201d, destaca Satiele Santos, secret\u00e1ria municipal de Educa\u00e7\u00e3o.<\/p>\n\n\n\n<p>Al\u00e9m dos conte\u00fados do curr\u00edculo regular, os estudantes ter\u00e3o atividades esportivas e de refor\u00e7o escolar e ter\u00e3o quatro refei\u00e7\u00f5es di\u00e1rias. Eles tamb\u00e9m contar\u00e3o com proposta pedag\u00f3gica espec\u00edfica do corpo em movimento.<\/p>\n\n\n\n<p>\u201cA escola deve criar situa\u00e7\u00f5es favor\u00e1veis para que a crian\u00e7a se desenvolva de tal forma que amplie os conhecimentos sobre si mesma, explore o ambiente f\u00edsico e social e supere desafios. Ao professor cabe proporcionar atividades que possam estimular as crian\u00e7as para que elas percebam seus recursos corporais, suas capacidades. Os educadores devem criar in\u00fameras possibilidades para que as crian\u00e7as se sintam seguras e livres para aperfei\u00e7oarem suas habilidades motoras\u201d,\u00a0enfatiza Satiele.<\/p>\n\n\n\n<p>Em Teres\u00f3polis, j\u00e1 funcionam das 7h30 \u00e0s 15h as escolas Prof\u00aa Aclim\u00e9a Nascimento (S\u00e3o Pedro), Governador Portella (Morro dos Pinheiros), Prof\u00ba Sylvio Amaral dos Santos (Granja Guarani), Heleno de Barros Nunes (Fischer) e Rui Barbosa (Gamboa\/2\u00ba Distrito).&nbsp;A partir do ano letivo de 2022, passam a integrar o sistema as escolas Ciep Sebasti\u00e3o Mello (Barroso), Hil\u00e1rio Ribeiro (Quebra Frascos), Am\u00e9lia dos Santos Ramos (Campo Limpo\/2\u00ba Distrito), C\u00f4nego Jos\u00e9 (Andradas\/2\u00ba Distrito), Elza de Oliveira Tricano (Paineiras), Jos\u00e9 Guarilha J\u00fanior (Sebastiana\/3\u00ba Distrito), Jos\u00e9 Duarte Magalh\u00e3es (Prata dos Aredes\/3\u00ba Distrito), Serra do Capim (Serra do Capim\/2\u00ba Distrito), Prof\u00ba Jo\u00e3o Adolpho Josetti (Posse), Nossa Senhora Aparecida (Serra do Calado\/3\u00ba Distrito) e Laura da Concei\u00e7\u00e3o Dam\u00e1sio (Vale Alpino\/3\u00ba Distrito), todas do 1\u00ba segmento do ensino fundamental.<\/p>\n\n\n\n<p>Primeira escola de tempo integral do 2\u00ba segmento \u00e9 o Cedal (Centro Educacional Rose Dalmaso), no bairro de S\u00e3o Pedro, onde ser\u00e1 implantado o programa GEO \u2013 Gin\u00e1sio Experimental Ol\u00edmpico no A unidade ser\u00e1 a primeira escola municipal de Teres\u00f3polis a receber o programa no ano letivo de 2022. O programa do Instituto Trevo tem como objetivo levar a tem\u00e1tica ol\u00edmpica para o ambiente escolar, proporcionando a intera\u00e7\u00e3o entre todas as disciplinas dos conte\u00fados regulares, com \u00eanfase nos valores ol\u00edmpicos.<\/p>\n\n\n\n<p>\u201cTemos investido bastante na Educa\u00e7\u00e3o do munic\u00edpio e a amplia\u00e7\u00e3o das escolas em tempo integral faz parte desse pacote de a\u00e7\u00f5es. O ensino em tempo integral \u00e9 uma pol\u00edtica educacional muito importante para as fam\u00edlias, porque a crian\u00e7a passa o dia na escola, realizando atividades pedag\u00f3gicas e extracurriculares, e ainda faz 4 refei\u00e7\u00f5es. Mas, principalmente, faz diferen\u00e7a no desenvolvimento e aprendizado dos nossos alunos\u201d, frisa o Prefeito Vinicius Claussen.<\/p>\n\n\n\n<p>Foto: arquivo Ag\u00eancia Brasil<\/p>\n","protected":false},"excerpt":{"rendered":"<p>A partir deste ano letivo de 2022, 16 escolas municipais de 1\u00ba segmento e 1<\/p>\n","protected":false},"author":2,"featured_media":27920,"comment_status":"open","ping_status":"open","sticky":false,"template":"","format":"standard","meta":{"footnotes":""},"categories":[17],"tags":[],"class_list":["post-27919","post","type-post","status-publish","format-standard","has-post-thumbnail","hentry","category-outras-noticias"],"_links":{"self":[{"href":"https:\/\/tvc16.com\/portal\/wp-json\/wp\/v2\/posts\/27919","targetHints":{"allow":["GET"]}}],"collection":[{"href":"https:\/\/tvc16.com\/portal\/wp-json\/wp\/v2\/posts"}],"about":[{"href":"https:\/\/tvc16.com\/portal\/wp-json\/wp\/v2\/types\/post"}],"author":[{"embeddable":true,"href":"https:\/\/tvc16.com\/portal\/wp-json\/wp\/v2\/users\/2"}],"replies":[{"embeddable":true,"href":"https:\/\/tvc16.com\/portal\/wp-json\/wp\/v2\/comments?post=27919"}],"version-history":[{"count":1,"href":"https:\/\/tvc16.com\/portal\/wp-json\/wp\/v2\/posts\/27919\/revisions"}],"predecessor-version":[{"id":27921,"href":"https:\/\/tvc16.com\/portal\/wp-json\/wp\/v2\/posts\/27919\/revisions\/27921"}],"wp:featuredmedia":[{"embeddable":true,"href":"https:\/\/tvc16.com\/portal\/wp-json\/wp\/v2\/media\/27920"}],"wp:attachment":[{"href":"https:\/\/tvc16.com\/portal\/wp-json\/wp\/v2\/media?parent=27919"}],"wp:term":[{"taxonomy":"category","embeddable":true,"href":"https:\/\/tvc16.com\/portal\/wp-json\/wp\/v2\/categories?post=27919"},{"taxonomy":"post_tag","embeddable":true,"href":"https:\/\/tvc16.com\/portal\/wp-json\/wp\/v2\/tags?post=27919"}],"curies":[{"name":"wp","href":"https:\/\/api.w.org\/{rel}","templated":true}]}}