{"id":27923,"date":"2022-01-07T15:48:55","date_gmt":"2022-01-07T18:48:55","guid":{"rendered":"https:\/\/tvc16.com\/portal\/?p=27923"},"modified":"2022-01-07T15:48:57","modified_gmt":"2022-01-07T18:48:57","slug":"prefeitura-de-teresopolis-oficializa-parceria-com-a-casa-lar-gerando-filhos-para-acolher-menores-vitimas-de-violencia","status":"publish","type":"post","link":"https:\/\/tvc16.com\/portal\/2022\/01\/07\/prefeitura-de-teresopolis-oficializa-parceria-com-a-casa-lar-gerando-filhos-para-acolher-menores-vitimas-de-violencia\/","title":{"rendered":"Prefeitura de Teres\u00f3polis oficializa parceria com a Casa Lar \u2018Gerando Filhos\u2019 para acolher menores v\u00edtimas de viol\u00eancia"},"content":{"rendered":"\n<p>Foi oficializado na quarta-feira, 05\/01, o termo de colabora\u00e7\u00e3o entre a Prefeitura de Teres\u00f3polis, por meio da Secretaria de Desenvolvimento Social, e a Associa\u00e7\u00e3o Kair\u00f3s, atrav\u00e9s da sua casa de acolhimento para menores de 18 anos \u2018Gerando Filhos\u2019. O processo ficou parado durante 15 anos e finalmente foi legitimado gra\u00e7as \u00e0 atual gest\u00e3o municipal.<\/p>\n\n\n\n<p>A Casa Lar \u2018Gerando Filhos\u2019 acolhe temporariamente crian\u00e7as e adolescentes em situa\u00e7\u00e3o de risco pessoal e social, afastadas do conv\u00edvio familiar atrav\u00e9s de medida protetiva. Conta com \u00f3timo espa\u00e7o interno e externo, com 4 quartos, 4 banheiros, brinquedoteca, salas de estudos, de estar e de jantar, cozinha e jardim com parquinho, al\u00e9m de \u00e1rea reservada exclusivamente para atendimento psicol\u00f3gico das crian\u00e7as.<\/p>\n\n\n\n<p>O respons\u00e1vel pela Associa\u00e7\u00e3o Kair\u00f3s, Jo\u00e3o Batista, salientou a import\u00e2ncia dessa parceria ter sido finalmente firmada.<em>&nbsp;<\/em>\u201cHoje conseguimos concluir essa parceria. A gente entende que a responsabilidade por essa essas crian\u00e7as \u00e9 de todos n\u00f3s. Juntos, conseguiremos abra\u00e7\u00e1-las e dar o amor e o carinho que elas merecem\u201d.<\/p>\n\n\n\n<p>O Prefeito Vin\u00edcius Claussen e o secret\u00e1rio de Desenvolvimento Social, Valdeck Amaral, visitaram a casa lar e constataram a \u00f3tima estrutura oferecida \u00e0s crian\u00e7as. \u201cN\u00f3s sabemos que existe uma realidade dura, onde algumas fam\u00edlias n\u00e3o conseguem cuidar bem dos seus filhos. Existem casos de abandono, maus tratos e v\u00e1rias outras viol\u00eancias. Pude visitar a estrutura e acompanhar o carinho, a dedica\u00e7\u00e3o e a qualidade do servi\u00e7o prestado pela \u2018Gerando Filhos\u2019\u201d, declarou o Prefeito. \u201cO trabalho que o Jo\u00e3o e todas as pessoas que apoiam a \u2018Gerando Filhos&amp;rsqu o; tem feito faz com que n\u00f3s possamos acreditar que vale a pena investir nessas iniciativas, realizadas por pessoas que realmente trabalham com tanto amor\u201d, complementou o secret\u00e1rio.<\/p>\n\n\n\n<p><em><strong>Fotos: Bruno Nepomuceno<\/strong><\/em><\/p>\n","protected":false},"excerpt":{"rendered":"<p>Foi oficializado na quarta-feira, 05\/01, o termo de colabora\u00e7\u00e3o entre a Prefeitura de Teres\u00f3polis, por<\/p>\n","protected":false},"author":2,"featured_media":27924,"comment_status":"open","ping_status":"open","sticky":false,"template":"","format":"standard","meta":{"footnotes":""},"categories":[17],"tags":[],"class_list":["post-27923","post","type-post","status-publish","format-standard","has-post-thumbnail","hentry","category-outras-noticias"],"_links":{"self":[{"href":"https:\/\/tvc16.com\/portal\/wp-json\/wp\/v2\/posts\/27923","targetHints":{"allow":["GET"]}}],"collection":[{"href":"https:\/\/tvc16.com\/portal\/wp-json\/wp\/v2\/posts"}],"about":[{"href":"https:\/\/tvc16.com\/portal\/wp-json\/wp\/v2\/types\/post"}],"author":[{"embeddable":true,"href":"https:\/\/tvc16.com\/portal\/wp-json\/wp\/v2\/users\/2"}],"replies":[{"embeddable":true,"href":"https:\/\/tvc16.com\/portal\/wp-json\/wp\/v2\/comments?post=27923"}],"version-history":[{"count":1,"href":"https:\/\/tvc16.com\/portal\/wp-json\/wp\/v2\/posts\/27923\/revisions"}],"predecessor-version":[{"id":27925,"href":"https:\/\/tvc16.com\/portal\/wp-json\/wp\/v2\/posts\/27923\/revisions\/27925"}],"wp:featuredmedia":[{"embeddable":true,"href":"https:\/\/tvc16.com\/portal\/wp-json\/wp\/v2\/media\/27924"}],"wp:attachment":[{"href":"https:\/\/tvc16.com\/portal\/wp-json\/wp\/v2\/media?parent=27923"}],"wp:term":[{"taxonomy":"category","embeddable":true,"href":"https:\/\/tvc16.com\/portal\/wp-json\/wp\/v2\/categories?post=27923"},{"taxonomy":"post_tag","embeddable":true,"href":"https:\/\/tvc16.com\/portal\/wp-json\/wp\/v2\/tags?post=27923"}],"curies":[{"name":"wp","href":"https:\/\/api.w.org\/{rel}","templated":true}]}}