{"id":27926,"date":"2022-01-07T15:57:41","date_gmt":"2022-01-07T18:57:41","guid":{"rendered":"https:\/\/tvc16.com\/portal\/?p=27926"},"modified":"2022-01-07T15:57:43","modified_gmt":"2022-01-07T18:57:43","slug":"crescimento-de-casos-de-covid-19-alerta-governo-de-tres-rios","status":"publish","type":"post","link":"https:\/\/tvc16.com\/portal\/2022\/01\/07\/crescimento-de-casos-de-covid-19-alerta-governo-de-tres-rios\/","title":{"rendered":"Crescimento de casos de Covid-19 alerta governo de Tr\u00eas Rios"},"content":{"rendered":"\n<p>Tr\u00eas Rio registrou, nos \u00faltimos seis dias, 81 pessoas contaminadas. O aumento \u00e9 significativo, tendo em vista que durante todo o m\u00eas de dezembro de 2021, somente 30 foram notificados.\u00a0 Esses n\u00fameros demonstram a explos\u00e3o de casos nos primeiros dias de 2022. Com isso, as autoridades sanit\u00e1rias do munic\u00edpio alertam a popula\u00e7\u00e3o quanto aos cuidados e aten\u00e7\u00e3o com o uso de m\u00e1scara, e higieniza\u00e7\u00e3o das m\u00e3os. Tamb\u00e9m \u00e9 importante evitar aglomera\u00e7\u00f5es, ainda mais com nova variante do v\u00edrus: a \u00d4micron.\u00a0<\/p>\n\n\n\n<p>\u201cTodas as UBS t\u00eam testes dispon\u00edveis. Tudo \u00e9 feito com um enfermeiro. Ele faz uma consulta de enfermagem, e posteriormente faz o teste de COVID. O munic\u00edpio tem os testes dispon\u00edveis para atender a popula\u00e7\u00e3o. Sendo o Swab AG e o Swab r\u00e1pido, que s\u00e3o os mais importantes neste momento. A testagem decorre do fato de que nesse per\u00edodo de festa, as pessoas viajarem para outros estados\u201d, disse a Coordenadora do N\u00facleo de Combate ao COVID \u2013 Damiana Ces\u00e1rio.<\/p>\n\n\n\n<p>Tendo seu primeiro registro em novembro de 2020, a muta\u00e7\u00e3o tem mostrado alta velocidade de contamina\u00e7\u00e3o. Em menos de dois meses, a variante passou a ser dominante em pa\u00edses como Brasil, Reino Unido e USA. Em todo o Estado do Rio, at\u00e9 o momento, 201 casos est\u00e3o em investiga\u00e7\u00e3o; nenhum em Tr\u00eas Rios.\u00a0<\/p>\n\n\n\n<p>Foto: Robson Valverde\/Ag\u00eancia Brasil<\/p>\n","protected":false},"excerpt":{"rendered":"<p>Tr\u00eas Rio registrou, nos \u00faltimos seis dias, 81 pessoas contaminadas. O aumento \u00e9 significativo, tendo<\/p>\n","protected":false},"author":2,"featured_media":27927,"comment_status":"open","ping_status":"open","sticky":false,"template":"","format":"standard","meta":{"footnotes":""},"categories":[17],"tags":[],"class_list":["post-27926","post","type-post","status-publish","format-standard","has-post-thumbnail","hentry","category-outras-noticias"],"_links":{"self":[{"href":"https:\/\/tvc16.com\/portal\/wp-json\/wp\/v2\/posts\/27926","targetHints":{"allow":["GET"]}}],"collection":[{"href":"https:\/\/tvc16.com\/portal\/wp-json\/wp\/v2\/posts"}],"about":[{"href":"https:\/\/tvc16.com\/portal\/wp-json\/wp\/v2\/types\/post"}],"author":[{"embeddable":true,"href":"https:\/\/tvc16.com\/portal\/wp-json\/wp\/v2\/users\/2"}],"replies":[{"embeddable":true,"href":"https:\/\/tvc16.com\/portal\/wp-json\/wp\/v2\/comments?post=27926"}],"version-history":[{"count":1,"href":"https:\/\/tvc16.com\/portal\/wp-json\/wp\/v2\/posts\/27926\/revisions"}],"predecessor-version":[{"id":27928,"href":"https:\/\/tvc16.com\/portal\/wp-json\/wp\/v2\/posts\/27926\/revisions\/27928"}],"wp:featuredmedia":[{"embeddable":true,"href":"https:\/\/tvc16.com\/portal\/wp-json\/wp\/v2\/media\/27927"}],"wp:attachment":[{"href":"https:\/\/tvc16.com\/portal\/wp-json\/wp\/v2\/media?parent=27926"}],"wp:term":[{"taxonomy":"category","embeddable":true,"href":"https:\/\/tvc16.com\/portal\/wp-json\/wp\/v2\/categories?post=27926"},{"taxonomy":"post_tag","embeddable":true,"href":"https:\/\/tvc16.com\/portal\/wp-json\/wp\/v2\/tags?post=27926"}],"curies":[{"name":"wp","href":"https:\/\/api.w.org\/{rel}","templated":true}]}}