{"id":27929,"date":"2022-01-07T17:25:19","date_gmt":"2022-01-07T20:25:19","guid":{"rendered":"https:\/\/tvc16.com\/portal\/?p=27929"},"modified":"2022-01-07T17:25:21","modified_gmt":"2022-01-07T20:25:21","slug":"natal-imperial-termina-neste-fim-de-semana-com-shows-nas-pracas-da-liberdade-e-da-aguia","status":"publish","type":"post","link":"https:\/\/tvc16.com\/portal\/2022\/01\/07\/natal-imperial-termina-neste-fim-de-semana-com-shows-nas-pracas-da-liberdade-e-da-aguia\/","title":{"rendered":"Natal Imperial termina neste fim de semana com shows nas pra\u00e7as da Liberdade e da \u00c1guia"},"content":{"rendered":"\n<p>A programa\u00e7\u00e3o do Natal Imperial em Petr\u00f3polis termina nesse fim de semana, depois de mais de 30 dias do evento, que atraiu cerca de 300 mil pessoas \u00e0 cidade. Neste s\u00e1bado (8) e domingo (9) acontecem shows nas pra\u00e7as da Liberdade e da \u00c1guia, no Centro.<\/p>\n\n\n\n<p>O Natal Imperial foi o primeiro grande evento realizado na cidade durante a pandemia da covid-19. Em 2020, a programa\u00e7\u00e3o assim como a ilumina\u00e7\u00e3o nas ruas e pontos tur\u00edsticos n\u00e3o aconteceram. \u201cA import\u00e2ncia desses grandes eventos \u00e9 fazer com que o turista fique mais tempo na cidade, movimentando a economia da cidade\u201d, disse a secret\u00e1ria de Turismo, Silva Guedon.<\/p>\n\n\n\n<p>O evento \u00e9 uma realiza\u00e7\u00e3o da Prefeitura de Petr\u00f3polis, Dell Arte, Governo do Estado do Rio de Janeiro e Claro. A programa\u00e7\u00e3o completa do Natal Imperial est\u00e1 no site: <a href=\"http:\/\/natalimperial.com.br\">natalimperial.com.br<\/a>.<\/p>\n","protected":false},"excerpt":{"rendered":"<p>A programa\u00e7\u00e3o do Natal Imperial em Petr\u00f3polis termina nesse fim de semana, depois de mais<\/p>\n","protected":false},"author":2,"featured_media":25734,"comment_status":"open","ping_status":"open","sticky":false,"template":"","format":"standard","meta":{"footnotes":""},"categories":[12],"tags":[],"class_list":["post-27929","post","type-post","status-publish","format-standard","has-post-thumbnail","hentry","category-cidade"],"_links":{"self":[{"href":"https:\/\/tvc16.com\/portal\/wp-json\/wp\/v2\/posts\/27929","targetHints":{"allow":["GET"]}}],"collection":[{"href":"https:\/\/tvc16.com\/portal\/wp-json\/wp\/v2\/posts"}],"about":[{"href":"https:\/\/tvc16.com\/portal\/wp-json\/wp\/v2\/types\/post"}],"author":[{"embeddable":true,"href":"https:\/\/tvc16.com\/portal\/wp-json\/wp\/v2\/users\/2"}],"replies":[{"embeddable":true,"href":"https:\/\/tvc16.com\/portal\/wp-json\/wp\/v2\/comments?post=27929"}],"version-history":[{"count":1,"href":"https:\/\/tvc16.com\/portal\/wp-json\/wp\/v2\/posts\/27929\/revisions"}],"predecessor-version":[{"id":27930,"href":"https:\/\/tvc16.com\/portal\/wp-json\/wp\/v2\/posts\/27929\/revisions\/27930"}],"wp:featuredmedia":[{"embeddable":true,"href":"https:\/\/tvc16.com\/portal\/wp-json\/wp\/v2\/media\/25734"}],"wp:attachment":[{"href":"https:\/\/tvc16.com\/portal\/wp-json\/wp\/v2\/media?parent=27929"}],"wp:term":[{"taxonomy":"category","embeddable":true,"href":"https:\/\/tvc16.com\/portal\/wp-json\/wp\/v2\/categories?post=27929"},{"taxonomy":"post_tag","embeddable":true,"href":"https:\/\/tvc16.com\/portal\/wp-json\/wp\/v2\/tags?post=27929"}],"curies":[{"name":"wp","href":"https:\/\/api.w.org\/{rel}","templated":true}]}}