{"id":2793,"date":"2020-10-15T16:15:42","date_gmt":"2020-10-15T16:15:42","guid":{"rendered":"https:\/\/tvc16.com\/portal\/?p=2793"},"modified":"2020-10-15T16:15:42","modified_gmt":"2020-10-15T16:15:42","slug":"confianca-de-empresarios-e-consumidores-recua-na-previa-de-outubro","status":"publish","type":"post","link":"https:\/\/tvc16.com\/portal\/2020\/10\/15\/confianca-de-empresarios-e-consumidores-recua-na-previa-de-outubro\/","title":{"rendered":"Confian\u00e7a de empres\u00e1rios e consumidores recua na pr\u00e9via de outubro"},"content":{"rendered":"\n<p>Os dados foram divulgados hoje pela FGV<\/p>\n\n\n\n<h4 class=\"wp-block-heading\">Por Vitor Abdala &#8211; Rep\u00f3rter da Ag\u00eancia Brasil &#8211; Rio de Janeiro<\/h4>\n\n\n\n<p>A confian\u00e7a dos empres\u00e1rios brasileiros recuou 1,1 ponto na pr\u00e9via de outubro deste ano, na compara\u00e7\u00e3o com o n\u00famero final de setembro, e chegou a 96,4 pontos, em uma escala de zero a 200 pontos. Tamb\u00e9m houve uma queda na confian\u00e7a dos consumidores no per\u00edodo: redu\u00e7\u00e3o de 3,9 pontos para 79,5 pontos.<img decoding=\"async\" src=\"https:\/\/agenciabrasil.ebc.com.br\/ebc.png?id=1390692&amp;o=node\"><img decoding=\"async\" src=\"https:\/\/agenciabrasil.ebc.com.br\/ebc.gif?id=1390692&amp;o=node\"><\/p>\n\n\n\n<p>Os dados foram divulgados hoje pela Funda\u00e7\u00e3o Getulio Vargas (FGV). Entre os empres\u00e1rios, foram observadas quedas nos setores de com\u00e9rcio (-5,1 pontos) e de servi\u00e7os (-1,4 ponto). A confian\u00e7a da constru\u00e7\u00e3o manteve-se est\u00e1vel, enquanto a ind\u00fastria teve alta de 5,4 pontos e atingiu 112,1 pontos, o maior valor desde mar\u00e7o de 2011 (112,5 pontos).<\/p>\n\n\n\n<p>O \u00cdndice de Situa\u00e7\u00e3o Atual dos Empres\u00e1rios, que mede a confian\u00e7a no presente, aumentou 2,9 pontos, para 95,9 pontos, enquanto o \u00cdndice de Expectativas Empresarial, que mede a percep\u00e7\u00e3o sobre o futuro, caiu 3,8 pontos, para 97,2 pontos.<\/p>\n\n\n\n<p>Entre os consumidores, o \u00edndice que mede a percep\u00e7\u00e3o sobre a situa\u00e7\u00e3o atual caiu 1,9 pontos, para 70,7 pontos, enquanto o indicador que capta as perspectivas para os pr\u00f3ximos meses teve queda de 5 pontos para 86,5 pontos.<\/p>\n\n\n\n<p>Edi\u00e7\u00e3o: Val\u00e9ria Aguiar<\/p>\n","protected":false},"excerpt":{"rendered":"<p>Os dados foram divulgados hoje pela FGV Por Vitor Abdala &#8211; Rep\u00f3rter da Ag\u00eancia Brasil<\/p>\n","protected":false},"author":2,"featured_media":2794,"comment_status":"open","ping_status":"open","sticky":false,"template":"","format":"standard","meta":{"footnotes":""},"categories":[17],"tags":[],"class_list":["post-2793","post","type-post","status-publish","format-standard","has-post-thumbnail","hentry","category-outras-noticias"],"_links":{"self":[{"href":"https:\/\/tvc16.com\/portal\/wp-json\/wp\/v2\/posts\/2793","targetHints":{"allow":["GET"]}}],"collection":[{"href":"https:\/\/tvc16.com\/portal\/wp-json\/wp\/v2\/posts"}],"about":[{"href":"https:\/\/tvc16.com\/portal\/wp-json\/wp\/v2\/types\/post"}],"author":[{"embeddable":true,"href":"https:\/\/tvc16.com\/portal\/wp-json\/wp\/v2\/users\/2"}],"replies":[{"embeddable":true,"href":"https:\/\/tvc16.com\/portal\/wp-json\/wp\/v2\/comments?post=2793"}],"version-history":[{"count":1,"href":"https:\/\/tvc16.com\/portal\/wp-json\/wp\/v2\/posts\/2793\/revisions"}],"predecessor-version":[{"id":2795,"href":"https:\/\/tvc16.com\/portal\/wp-json\/wp\/v2\/posts\/2793\/revisions\/2795"}],"wp:featuredmedia":[{"embeddable":true,"href":"https:\/\/tvc16.com\/portal\/wp-json\/wp\/v2\/media\/2794"}],"wp:attachment":[{"href":"https:\/\/tvc16.com\/portal\/wp-json\/wp\/v2\/media?parent=2793"}],"wp:term":[{"taxonomy":"category","embeddable":true,"href":"https:\/\/tvc16.com\/portal\/wp-json\/wp\/v2\/categories?post=2793"},{"taxonomy":"post_tag","embeddable":true,"href":"https:\/\/tvc16.com\/portal\/wp-json\/wp\/v2\/tags?post=2793"}],"curies":[{"name":"wp","href":"https:\/\/api.w.org\/{rel}","templated":true}]}}