{"id":27932,"date":"2022-01-07T17:49:10","date_gmt":"2022-01-07T20:49:10","guid":{"rendered":"https:\/\/tvc16.com\/portal\/?p=27932"},"modified":"2022-01-07T17:49:13","modified_gmt":"2022-01-07T20:49:13","slug":"deslizamentos-de-terra-inundacoes-e-quedas-de-arvore-afetaram-pelo-menos-20-linhas-de-onibus-em-petropolis","status":"publish","type":"post","link":"https:\/\/tvc16.com\/portal\/2022\/01\/07\/deslizamentos-de-terra-inundacoes-e-quedas-de-arvore-afetaram-pelo-menos-20-linhas-de-onibus-em-petropolis\/","title":{"rendered":"Deslizamentos de terra, inunda\u00e7\u00f5es e quedas de \u00e1rvore afetaram pelo menos 20 linhas de \u00f4nibus em Petr\u00f3polis"},"content":{"rendered":"\n<p>Pelo menos 20 linhas de \u00f4nibus em Petr\u00f3polis foram afetadas pelas chuvas que atingem a cidade h\u00e1 quase 24 horas. Deslizamentos de terra, inunda\u00e7\u00f5es dos rios e quedas de \u00e1rvores prejudicaram a circula\u00e7\u00e3o dos coletivos nas regi\u00f5es do Centro, Quitandinha, Alto da Serra, Carangola, Corr\u00eaas, Caxambu, S\u00e3o Sebasti\u00e3o, Sim\u00e9ria, Itaipava, Estrada da Saudade, Independ\u00eancia, Retiro, Secret\u00e1rio e Pedras Brancas.<br>No fim da tarde de sexta-feira (7), a Defesa Civil acionou as sirenes do Sistema de Alerta e Alarme de Chuvas nas comunidades do S\u00e3o Sebasti\u00e3o, Independ\u00eancia (na Rua O e na Taquara) e Dr. Thouzet. De acordo com o \u00faltimo balan\u00e7o da Defesa Civil (DC), 43 ocorr\u00eancias foram registradas entre \u00e0 noite de quinta (6) e esta sexta.<br>Em nota divulgada pelo Sindicato das Empresas de Transporte de Petr\u00f3polis (Setranspetro) as chuvas causaram problemas nos itiner\u00e1rios dos coletivos da empresa Petro Ita, em todas as linhas que passam pela Rua Coronel Veiga, ap\u00f3s o transbordamento do rio, por volta das 5h30. Os \u00f4nibus foram desviados pelo bairro Castel\u00e2nea por quase uma hora, at\u00e9 a libera\u00e7\u00e3o da via. No in\u00edcio da tarde, \u00e0s 13h30, o trecho novamente alagou e os \u00f4nibus tiveram o trajeto alterado.<br>As linhas desviadas nas duas interdi\u00e7\u00f5es foram a 401 \u2013 Alto Independ\u00eancia, 402 \u2013 Taquara, 406 \u2013 Doutor Thouzet, 408 \u2013 Vital Brasil, 424 \u2013 Rio de Janeiro, 428 \u2013 Vila H\u00edpica, 435 \u2013 Alto Independ\u00eancia, 446 \u2013 Sim\u00e9ria, 454 \u2013 Vila H\u00edpica, 466 \u2013 Alagoas, 467 \u2013 Honduras e 469 \u2013 Vila H\u00edpica. Pela empresa de \u00f4nibus Cascatinha, a linha 504 \u2013 Carangola (Divino) n\u00e3o conseguiu realizar a primeira viagem, por n\u00e3o conseguir sair da garagem, em raz\u00e3o do alagamento.<br>A chuva tamb\u00e9m segue interferindo na opera\u00e7\u00e3o dos coletivos na localidade do Caxambu. A linha 470 \u2013 Santa Isabel est\u00e1 parando aproximadamente um quil\u00f4metro antes do ponto final, pr\u00f3ximo \u00e0 Igreja de Santa Isabel, em raz\u00e3o da queda de barreira na Estrada Jos\u00e9 Almeida Amado.<\/p>\n\n\n\n<p>J\u00e1 as linhas 448 \u2013 Olga Castrioto e 461 \u2013 Olga Castrioto (Via Alto da Serra) est\u00e3o impossibilitadas de atender a Rua Jo\u00e3o Evang\u00e9lio, por conta da pista escorregadia, parando um quil\u00f4metro antes, no antigo ponto final, na Rua Indai\u00e1. O mesmo acontece no Quitandinha, com a linha 454 \u2013 Vila H\u00edpica, que n\u00e3o est\u00e1 passando pela Rua Rio de Janeiro, deixando de atender a um trecho de 1,5 quil\u00f4metro da Rua Friburgo, em raz\u00e3o da pista escorregadia.<br>No in\u00edcio da manh\u00e3 desta sexta-feira, um caminh\u00e3o ficou preso por volta das 6h30 na Rua Estados Unidos, no Quitandinha, obstruindo a pista para a passagem dos \u00f4nibus que fazem as linhas 412 &#8211; Quitandinha, 424 \u2013 Rio de Janeiro, 428 \u2013 Vila H\u00edpica, 454 \u2013 Vila H\u00edpica e 465 &#8211; Amazonas. Os coletivos seguiram trajeto pela Rua S\u00e3o Salvador, deixando de atender um percurso de aproximadamente 900 metros, no sentido bairro. J\u00e1 as linhas 437 \u2013 Amazonas e 466 \u2013 Alagoas seguiram pela Avenida Ayrton Senna. A desobstru\u00e7\u00e3o da pista aconteceu somente \u00e0s 11h.<br>Tamb\u00e9m pela manh\u00e3, o \u00f4nibus que faz a linha 525 \u2013 Comunidade do Neylor, da empresa Cascatinha, ficou impossibilitado de atender o ponto final da regi\u00e3o, parando 200 metros antes na Rua do S\u00edtio, por conta do estacionamento irregular de um carro na \u00e1rea de manobra do coletivo, prejudicando os passageiros que utilizam o \u00f4nibus. O problema foi registrado nas primeiras viagens.<br>Os \u00f4nibus da Cidade das Hort\u00eansias enfrentam intercorr\u00eancias ao longo do dia. Desde \u00e0s 7h, a queda de uma \u00e1rvore na fia\u00e7\u00e3o da Rua Pedro Elmer interditou completamente a pista, sem previs\u00e3o de libera\u00e7\u00e3o. Com isso, a linha 330 \u2013 Terminal Corr\u00eaas est\u00e1 fazendo o mesmo itiner\u00e1rio que a linha 300 \u2013 Terminal Corr\u00eaas.<br>A abertura de um buraco e a queda de barreira na entrada do Spartaco Banal alterou o trajeto do \u00f4nibus que faz a linha 310 \u2013 Spartaco Banal, que temporariamente est\u00e1 seguindo sentido Cascatinha. O coletivo est\u00e1 parando 400 metros antes do ponto final. Ainda pela manh\u00e3, das 7h \u00e0s 10h, uma caminhonete perdeu o controle na descida da Rua Henrique Paix\u00e3o, interditando totalmente a passagem da linha 302 \u2013 Floresta, que deixou de atender ao ponto final neste per\u00edodo.<\/p>\n\n\n\n<p>Em Itaipava, a queda de uma \u00e1rvore na Rua dos Tab\u00f5es est\u00e1 impedindo a opera\u00e7\u00e3o da linha 723 \u2013 Santa M\u00f4nica at\u00e9 o ponto final, desde \u00e0s 5h40, deixando de atender a um trecho de quase quatro quil\u00f4metros. Desta forma, o \u00f4nibus est\u00e1 parando no ponto final do Santa M\u00f4nica. Na tarde de hoje, \u00e0s 13h45, mais uma queda de \u00e1rvore, desta vez, na entrada de Secret\u00e1rio, interrompeu completamente toda a opera\u00e7\u00e3o da linha 707 \u2013 Fagundes, que voltou a circular normalmente \u00e0s 16h20, com a libera\u00e7\u00e3o do trecho.<br>A Cidade Real foi prejudicada com a opera\u00e7\u00e3o do \u00f4nibus que faz a linha 118 \u2013 Pedras Brancas, conseguindo realizar a primeira viagem na regi\u00e3o somente \u00e0s 9h30, devido ao estacionamento irregular de carros, principalmente, na \u00e1rea de manobra do coletivo. Inclusive, o problema \u00e9 recorrente na regi\u00e3o e of\u00edcios j\u00e1 foram enviados ao \u00f3rg\u00e3o fiscalizador, pedindo provid\u00eancias.<\/p>\n","protected":false},"excerpt":{"rendered":"<p>Pelo menos 20 linhas de \u00f4nibus em Petr\u00f3polis foram afetadas pelas chuvas que atingem a<\/p>\n","protected":false},"author":2,"featured_media":27933,"comment_status":"open","ping_status":"open","sticky":false,"template":"","format":"standard","meta":{"footnotes":""},"categories":[12],"tags":[],"class_list":["post-27932","post","type-post","status-publish","format-standard","has-post-thumbnail","hentry","category-cidade"],"_links":{"self":[{"href":"https:\/\/tvc16.com\/portal\/wp-json\/wp\/v2\/posts\/27932","targetHints":{"allow":["GET"]}}],"collection":[{"href":"https:\/\/tvc16.com\/portal\/wp-json\/wp\/v2\/posts"}],"about":[{"href":"https:\/\/tvc16.com\/portal\/wp-json\/wp\/v2\/types\/post"}],"author":[{"embeddable":true,"href":"https:\/\/tvc16.com\/portal\/wp-json\/wp\/v2\/users\/2"}],"replies":[{"embeddable":true,"href":"https:\/\/tvc16.com\/portal\/wp-json\/wp\/v2\/comments?post=27932"}],"version-history":[{"count":1,"href":"https:\/\/tvc16.com\/portal\/wp-json\/wp\/v2\/posts\/27932\/revisions"}],"predecessor-version":[{"id":27934,"href":"https:\/\/tvc16.com\/portal\/wp-json\/wp\/v2\/posts\/27932\/revisions\/27934"}],"wp:featuredmedia":[{"embeddable":true,"href":"https:\/\/tvc16.com\/portal\/wp-json\/wp\/v2\/media\/27933"}],"wp:attachment":[{"href":"https:\/\/tvc16.com\/portal\/wp-json\/wp\/v2\/media?parent=27932"}],"wp:term":[{"taxonomy":"category","embeddable":true,"href":"https:\/\/tvc16.com\/portal\/wp-json\/wp\/v2\/categories?post=27932"},{"taxonomy":"post_tag","embeddable":true,"href":"https:\/\/tvc16.com\/portal\/wp-json\/wp\/v2\/tags?post=27932"}],"curies":[{"name":"wp","href":"https:\/\/api.w.org\/{rel}","templated":true}]}}