{"id":27935,"date":"2022-01-07T17:54:28","date_gmt":"2022-01-07T20:54:28","guid":{"rendered":"https:\/\/tvc16.com\/portal\/?p=27935"},"modified":"2022-01-07T17:54:50","modified_gmt":"2022-01-07T20:54:50","slug":"lei-seca-retirou-das-ruas-quase-20-mil-motoristas-que-dirigiam-embriagados-em-2021","status":"publish","type":"post","link":"https:\/\/tvc16.com\/portal\/2022\/01\/07\/lei-seca-retirou-das-ruas-quase-20-mil-motoristas-que-dirigiam-embriagados-em-2021\/","title":{"rendered":"Lei Seca retirou das ruas quase 20 mil motoristas que dirigiam embriagados em 2021"},"content":{"rendered":"\n<p>A Opera\u00e7\u00e3o Lei Seca encerrou o ano de 2021 com o registro de 19.952 mil motoristas abordados nas blitzes dirigindo sob influ\u00eancia de \u00e1lcool em todo o estado. Nas 2.689 a\u00e7\u00f5es de fiscaliza\u00e7\u00e3o realizadas ao longo do ano, 153.806 mil motoristas foram abordados; destes, 12,97% apresentavam sinais de alcoolemia.<\/p>\n\n\n\n<p>De todas as regi\u00f5es do estado onde a Opera\u00e7\u00e3o foi realizada, as regi\u00f5es Serrana e M\u00e9dio Para\u00edba lideraram o ranking com maiores \u00edndices de alcoolemia. Ambas registraram 26% de casos de alcoolemia em rela\u00e7\u00e3o ao total de motoristas abordados.&nbsp;<\/p>\n\n\n\n<p>Para o tenente-coronel F\u00e1bio Pinho, superintendente da Opera\u00e7\u00e3o Lei Seca, esses dados reafirmam a import\u00e2ncia da atua\u00e7\u00e3o di\u00e1ria da Opera\u00e7\u00e3o Lei Seca para tornar o tr\u00e2nsito mais seguro por meio da conscientiza\u00e7\u00e3o da popula\u00e7\u00e3o sobre os riscos da mistura de \u00e1lcool e dire\u00e7\u00e3o.<\/p>\n\n\n\n<p>&#8211; Os altos \u00edndices registrados em 2021 s\u00e3o um alerta para continuarmos firmes no nosso desafio de mudar o comportamento da popula\u00e7\u00e3o. Por isso a Opera\u00e7\u00e3o Lei Seca atua diariamente para retirar das ruas os motoristas que insistem na perigosa mistura de \u00e1lcool e dire\u00e7\u00e3o &#8211; contou o tenente-coronel Pinho.<\/p>\n\n\n\n<p>Em compara\u00e7\u00e3o com os dois \u00faltimos anos, os n\u00fameros de 2021 mostraram que os \u00edndices de casos de alcoolemia aumentaram consideravelmente. No ano de 2020, foram flagrados 3.715 motoristas dirigindo sob efeito de \u00e1lcool, lembrando que naquele ano a Opera\u00e7\u00e3o foi suspensa por sete meses em virtude da pandemia. J\u00e1 no ano anterior, em 2019, 13.119 casos de alcoolemia foram registrados.<\/p>\n\n\n\n<p>A Opera\u00e7\u00e3o Lei Seca atua diariamente desde 2009, por meio de a\u00e7\u00f5es de fiscaliza\u00e7\u00e3o e educa\u00e7\u00e3o, na miss\u00e3o de salvar vidas.&nbsp;<\/p>\n","protected":false},"excerpt":{"rendered":"<p>A Opera\u00e7\u00e3o Lei Seca encerrou o ano de 2021 com o registro de 19.952 mil<\/p>\n","protected":false},"author":2,"featured_media":27937,"comment_status":"open","ping_status":"open","sticky":false,"template":"","format":"standard","meta":{"footnotes":""},"categories":[17],"tags":[],"class_list":["post-27935","post","type-post","status-publish","format-standard","has-post-thumbnail","hentry","category-outras-noticias"],"_links":{"self":[{"href":"https:\/\/tvc16.com\/portal\/wp-json\/wp\/v2\/posts\/27935","targetHints":{"allow":["GET"]}}],"collection":[{"href":"https:\/\/tvc16.com\/portal\/wp-json\/wp\/v2\/posts"}],"about":[{"href":"https:\/\/tvc16.com\/portal\/wp-json\/wp\/v2\/types\/post"}],"author":[{"embeddable":true,"href":"https:\/\/tvc16.com\/portal\/wp-json\/wp\/v2\/users\/2"}],"replies":[{"embeddable":true,"href":"https:\/\/tvc16.com\/portal\/wp-json\/wp\/v2\/comments?post=27935"}],"version-history":[{"count":1,"href":"https:\/\/tvc16.com\/portal\/wp-json\/wp\/v2\/posts\/27935\/revisions"}],"predecessor-version":[{"id":27938,"href":"https:\/\/tvc16.com\/portal\/wp-json\/wp\/v2\/posts\/27935\/revisions\/27938"}],"wp:featuredmedia":[{"embeddable":true,"href":"https:\/\/tvc16.com\/portal\/wp-json\/wp\/v2\/media\/27937"}],"wp:attachment":[{"href":"https:\/\/tvc16.com\/portal\/wp-json\/wp\/v2\/media?parent=27935"}],"wp:term":[{"taxonomy":"category","embeddable":true,"href":"https:\/\/tvc16.com\/portal\/wp-json\/wp\/v2\/categories?post=27935"},{"taxonomy":"post_tag","embeddable":true,"href":"https:\/\/tvc16.com\/portal\/wp-json\/wp\/v2\/tags?post=27935"}],"curies":[{"name":"wp","href":"https:\/\/api.w.org\/{rel}","templated":true}]}}