{"id":27936,"date":"2022-01-07T17:54:37","date_gmt":"2022-01-07T20:54:37","guid":{"rendered":"https:\/\/tvc16.com\/portal\/?p=27936"},"modified":"2022-01-07T17:54:39","modified_gmt":"2022-01-07T20:54:39","slug":"teresopolis-segue-vacinando-pessoas-acima-de-18-anos-contra-a-covid-19-em-22-unidades-de-saude-na-cidade-e-interior","status":"publish","type":"post","link":"https:\/\/tvc16.com\/portal\/2022\/01\/07\/teresopolis-segue-vacinando-pessoas-acima-de-18-anos-contra-a-covid-19-em-22-unidades-de-saude-na-cidade-e-interior\/","title":{"rendered":"Teres\u00f3polis segue vacinando pessoas acima de 18 anos contra a COVID-19 em 22 unidades de sa\u00fade na cidade e interior"},"content":{"rendered":"\n<p><strong>Na pr\u00f3xima segunda (10), vacinas s\u00e3o oferecidas no S\u00e3o Pedro (exclusivamente 2\u00aa dose de Janssen) e na Barra do Imbu\u00ed (todas as doses)<\/strong><\/p>\n\n\n\n<p>A Prefeitura Municipal de Teres\u00f3polis, por meio da Secretaria Municipal de Sa\u00fade, aplicar\u00e1 a dose de refor\u00e7o contra a Covid-19, no p\u00fablico masculino e feminino acima de 18 anos, na segunda-feira (10). A imuniza\u00e7\u00e3o acontece na unidade da Barra do Imbu\u00ed, de 9h \u00e0s 15h, e h\u00e1 oferta das tr\u00eas doses. No mesmo dia, tamb\u00e9m s\u00e3o oferecidas as vacinas Coronavac e segunda dose da Janssen na quadra ao lado do Tiro de Guerra, no S\u00e3o Pedro.<\/p>\n\n\n\n<p>Ao longo da semana, a vacina\u00e7\u00e3o acontece nas demais unidades, em hor\u00e1rios espec\u00edficos. A aplica\u00e7\u00e3o da dose de refor\u00e7o ocorre ap\u00f3s apresenta\u00e7\u00e3o de documento oficial com foto, comprovante das duas doses e laudo m\u00e9dico (para quem possua imunossupress\u00e3o).<\/p>\n\n\n\n<p>A antecipa\u00e7\u00e3o acontece da seguinte forma: o p\u00fablico acima de 60 anos de idade poder\u00e1 antecipar ap\u00f3s 3 meses da segunda dose; pessoas entre 18 e 59 anos, ap\u00f3s 4 meses do esquema vacinal estar completo; e pessoas com imunossupress\u00e3o, ap\u00f3s 28 dias da segunda dose.<\/p>\n\n\n\n<p><strong>Repescagem e aplica\u00e7\u00e3o da segunda dose<\/strong><\/p>\n\n\n\n<p>Ainda na segunda-feira (10), acontecer\u00e1 repescagem da primeira dose contra a Covid-19 para quem ainda n\u00e3o come\u00e7ou o esquema vacinal, e a segunda dose para quem possua esta data indicada no comprovante de vacina\u00e7\u00e3o ou com o per\u00edodo j\u00e1 em atraso.<\/p>\n\n\n\n<p>As aplica\u00e7\u00f5es tamb\u00e9m ocorrem nas unidades de sa\u00fade, em hor\u00e1rios a depender do cronograma local.<\/p>\n\n\n\n<p>A primeira dose ser\u00e1 aplicada mediante apresenta\u00e7\u00e3o de documento oficial com foto. J\u00e1 para a segunda dose \u00e9 necess\u00e1rio tamb\u00e9m o comprovante da segunda dose.<\/p>\n\n\n\n<p><strong>Segunda dose da Janssen<\/strong><\/p>\n\n\n\n<p>Para quem recebeu a dose \u00fanica da vacina Janssen, o mesmo imunizante dever\u00e1 ser aplicado na segunda dose contra a Covid-19.<\/p>\n\n\n\n<p>Com distribui\u00e7\u00e3o de senhas a partir de 8h, o atendimento acontece de 9h \u00e0s 15h. Na cidade ser\u00e1 na quadra da unidade de sa\u00fade Dr. Eitel Abdallah, em S\u00e3o Pedro.<\/p>\n\n\n\n<p><strong>Quarta dose para imunossuprimidos<\/strong><\/p>\n\n\n\n<p>A Secretaria Municipal de Sa\u00fade tamb\u00e9m iniciou a aplica\u00e7\u00e3o da quarta dose contra a Covid-19 para pessoas com imunossupress\u00e3o que tenham completado o esquema vacina e dose de refor\u00e7o h\u00e1 4 meses.<\/p>\n","protected":false},"excerpt":{"rendered":"<p>Na pr\u00f3xima segunda (10), vacinas s\u00e3o oferecidas no S\u00e3o Pedro (exclusivamente 2\u00aa dose de Janssen)<\/p>\n","protected":false},"author":2,"featured_media":27939,"comment_status":"open","ping_status":"open","sticky":false,"template":"","format":"standard","meta":{"footnotes":""},"categories":[17],"tags":[],"class_list":["post-27936","post","type-post","status-publish","format-standard","has-post-thumbnail","hentry","category-outras-noticias"],"_links":{"self":[{"href":"https:\/\/tvc16.com\/portal\/wp-json\/wp\/v2\/posts\/27936","targetHints":{"allow":["GET"]}}],"collection":[{"href":"https:\/\/tvc16.com\/portal\/wp-json\/wp\/v2\/posts"}],"about":[{"href":"https:\/\/tvc16.com\/portal\/wp-json\/wp\/v2\/types\/post"}],"author":[{"embeddable":true,"href":"https:\/\/tvc16.com\/portal\/wp-json\/wp\/v2\/users\/2"}],"replies":[{"embeddable":true,"href":"https:\/\/tvc16.com\/portal\/wp-json\/wp\/v2\/comments?post=27936"}],"version-history":[{"count":1,"href":"https:\/\/tvc16.com\/portal\/wp-json\/wp\/v2\/posts\/27936\/revisions"}],"predecessor-version":[{"id":27940,"href":"https:\/\/tvc16.com\/portal\/wp-json\/wp\/v2\/posts\/27936\/revisions\/27940"}],"wp:featuredmedia":[{"embeddable":true,"href":"https:\/\/tvc16.com\/portal\/wp-json\/wp\/v2\/media\/27939"}],"wp:attachment":[{"href":"https:\/\/tvc16.com\/portal\/wp-json\/wp\/v2\/media?parent=27936"}],"wp:term":[{"taxonomy":"category","embeddable":true,"href":"https:\/\/tvc16.com\/portal\/wp-json\/wp\/v2\/categories?post=27936"},{"taxonomy":"post_tag","embeddable":true,"href":"https:\/\/tvc16.com\/portal\/wp-json\/wp\/v2\/tags?post=27936"}],"curies":[{"name":"wp","href":"https:\/\/api.w.org\/{rel}","templated":true}]}}