{"id":2799,"date":"2020-10-15T16:17:26","date_gmt":"2020-10-15T16:17:26","guid":{"rendered":"https:\/\/tvc16.com\/portal\/?p=2799"},"modified":"2020-10-15T16:17:26","modified_gmt":"2020-10-15T16:17:26","slug":"florestas-plantadas-no-brasil-alcancam-10-milhoes-de-hectares-em-2019","status":"publish","type":"post","link":"https:\/\/tvc16.com\/portal\/2020\/10\/15\/florestas-plantadas-no-brasil-alcancam-10-milhoes-de-hectares-em-2019\/","title":{"rendered":"Florestas plantadas no Brasil alcan\u00e7am 10 milh\u00f5es de hectares em 2019"},"content":{"rendered":"\n<p>Dados s\u00e3o de pesquisa divulgada hoje pelo IBGE<\/p>\n\n\n\n<h4 class=\"wp-block-heading\">Por Alana Gandra &#8211; Rep\u00f3rter da Ag\u00eancia Brasil &#8211; Rio de Janeiro<\/h4>\n\n\n\n<p>No ano passado, 3.523 munic\u00edpios brasileiros registraram 10 milh\u00f5es de hectares de \u00e1reas de florestas plantadas, sendo 7,6 milh\u00f5es de hectares de eucaliptos, ou o equivalente a 76,3% do total; 2 milh\u00f5es de hectares de pinus (19,8%); e 387 mil hectares de outras esp\u00e9cies (3,9%). Os dados s\u00e3o da pesquisa Produ\u00e7\u00e3o da Extra\u00e7\u00e3o Vegetal e da Silvicultura (PEVS 2019), divulgada&nbsp;hoje&nbsp;(15) pelo Instituto Brasileiro de Geografia e Estat\u00edstica (IBGE).<img decoding=\"async\" src=\"https:\/\/agenciabrasil.ebc.com.br\/ebc.png?id=1390680&amp;o=node\"><img decoding=\"async\" src=\"https:\/\/agenciabrasil.ebc.com.br\/ebc.gif?id=1390680&amp;o=node\"><\/p>\n\n\n\n<p>No total, 4.867 munic\u00edpios tiveram&nbsp;produ\u00e7\u00e3o florestal, cujo valor atingiu R$ 20 bilh\u00f5es, com queda de 2,7% em compara\u00e7\u00e3o ao ano anterior, ap\u00f3s tr\u00eas anos consecutivos de crescimento. A silvicultura participou com R$ 15,5 bilh\u00f5es, retra\u00e7\u00e3o de 5% em rela\u00e7\u00e3o a 2018, enquanto a extra\u00e7\u00e3o vegetal (coleta de produtos em matas e florestas nativas) ficou com R$ 4,4 bilh\u00f5es, mostrando&nbsp;eleva\u00e7\u00e3o de 6,4% em rela\u00e7\u00e3o&nbsp;ao ano anterior.<\/p>\n\n\n\n<p>Os produtos madeireiros continuaram preponderantes no setor, respondendo por 97,3% do valor de produ\u00e7\u00e3o da silvicultura, apesar da retra\u00e7\u00e3o de 5,3% frente&nbsp;ao ano anterior. Considerando todos os produtos madeireiros juntos, foi relatada queda de 3,3% no valor da produ\u00e7\u00e3o florestal prim\u00e1ria, que engloba extra\u00e7\u00e3o mais silvicultura. Os produtos madeireiros tiveram participa\u00e7\u00e3o de 64,5% da extra\u00e7\u00e3o vegetal, seguidos pelos aliment\u00edcios (27,4%), ceras (5,3%) e oleaginosos (2,3%).<\/p>\n\n\n\n<h2 class=\"wp-block-heading\">Celulose<\/h2>\n\n\n\n<p>Na silvicultura, que deteve no ano passado 77,7% do valor de produ\u00e7\u00e3o, tanto a&nbsp;madeira em tora, quanto a madeira para papel e celulose tiveram queda em valor de produ\u00e7\u00e3o e em quantidade em rela\u00e7\u00e3o a 2018. No valor de produ\u00e7\u00e3o, a diminui\u00e7\u00e3o foi de 3% para a madeira em tora e de 11% para a madeira em tora para papel e celulose. Somente lenha teve&nbsp;leve alta de 1,1%.<\/p>\n\n\n\n<p>Dados da Secretaria de Com\u00e9rcio Exterior (Secex) revelam que embora tenha obtido o quarto lugar no&nbsp;<em>ranking<\/em>&nbsp;das exporta\u00e7\u00f5es brasileiras no ano passado, a celulose registrou queda de 9,7% no valor obtido com o com\u00e9rcio externo, devido \u00e0 redu\u00e7\u00e3o de pre\u00e7os no mercado internacional, o que influenciou tamb\u00e9m a redu\u00e7\u00e3o interna da produ\u00e7\u00e3o.<\/p>\n\n\n\n<p>J\u00e1 no extrativismo, houve aumento do valor de produ\u00e7\u00e3o em sete dos nove grupos pesquisados, com destaque para tanantes &#8211;&nbsp;&nbsp;ricos em taninos (+52,7%). De acordo com a pesquisa, o conjunto de produtos madeireiros com origem em \u00e1reas plantadas para fins comerciais teve queda de 5,3% no valor da produ\u00e7\u00e3o, enquanto os decorrentes da extra\u00e7\u00e3o vegetal mostraram expans\u00e3o de 8,8%. Entre os produtos extrativos n\u00e3o madeireiros, destaque para a carna\u00faba (p\u00f3) e o pinh\u00e3o, com crescimento de 15,8% e 13,6% em termos de valor de produ\u00e7\u00e3o, respectivamente.<\/p>\n\n\n\n<h2 class=\"wp-block-heading\">Produ\u00e7\u00e3o florestal<\/h2>\n\n\n\n<p>Por regi\u00f5es, o Sul e Sudeste concentraram grande parte da produ\u00e7\u00e3o florestal brasileira, respondendo juntas por 63,8% do total do valor da produ\u00e7\u00e3o nacional, impulsionadas pelas florestas plantadas. Os estados de Minas Gerais e do Paran\u00e1 lideraram em 2019 em termos de valor de produ\u00e7\u00e3o florestal prim\u00e1ria, com participa\u00e7\u00f5es de 22,2% e 17,8%, respectivamente. Apesar da queda de 5,4% na silvicultura, Minas Gerais somou valor de produ\u00e7\u00e3o de R$ 4,4 bilh\u00f5es, representativo de 28,3 % do valor nacional da silvicultura, seguido pelo Paran\u00e1, com R$ 3,1 bilh\u00f5es.<\/p>\n\n\n\n<p>Por munic\u00edpios, a primeira posi\u00e7\u00e3o no&nbsp;<em>ranking<\/em>&nbsp;de valor da produ\u00e7\u00e3o florestal prim\u00e1ria foi assumida em 2019 por Jo\u00e3o Pinheiro (MG), com R$ 263,7 milh\u00f5es.<\/p>\n\n\n\n<p>A pesquisa detectou aumento de 1,2% nas \u00e1reas de florestas plantadas no Brasil no ano passado, o que significa 118,1 mil hectares de cobertura a mais no pa\u00eds, dos quais 79,4% correspondem \u00e0s \u00e1reas de eucaliptos. A regi\u00e3o com maior \u00e1rea de floresta plantada em 2019 foi o Sudeste, correspondendo a 35,3% do total.<\/p>\n\n\n\n<p>Minas Gerais continuou liderando em termos de \u00e1rea coberta com esp\u00e9cies florestais plantadas no ano passado, com incremento de 0,8% ante o ano anterior. O predom\u00ednio foi de eucalipto. Os munic\u00edpios sul-mato-grossenses de Tr\u00eas Lagoas e Ribas do Rio Pardo apresentaram as maiores \u00e1reas de florestas plantadas do pa\u00eds, de 263,7 mil hectares e 217,3 mil hectares.<\/p>\n\n\n\n<h2 class=\"wp-block-heading\">A\u00e7a\u00ed<\/h2>\n\n\n\n<p>Entre os produtos extrativos n\u00e3o madeireiros, a PEVS 2019 mostra que a soma do valor de produ\u00e7\u00e3o&nbsp;teve expans\u00e3o de 2,3%, alcan\u00e7ando R$ 1,6 bilh\u00e3o. No grupo de produtos aliment\u00edcios, o valor de produ\u00e7\u00e3o subiu 0,8%, totalizando R$ 1,2 bilh\u00e3o. A maior participa\u00e7\u00e3o em termos de valor nesse grupo ficou com o a\u00e7a\u00ed (48,3%). O valor de produ\u00e7\u00e3o do a\u00e7a\u00ed fruto caiu 0,6% ante 2018, atingindo R$ 588,5 milh\u00f5es, com destaque para o munic\u00edp\u00edo de Limoeiro do Ajuro (PA), com produ\u00e7\u00e3o de 42 mil toneladas. A produ\u00e7\u00e3o de a\u00e7a\u00ed evoluiu 0,5% em 2019, em rela\u00e7\u00e3o a 2018, somando 222,7 mil toneladas.<\/p>\n\n\n\n<p>Na erva-mate, segundo maior valor de produ\u00e7\u00e3o entre os n\u00e3o madeireiros, o valor de produ\u00e7\u00e3o alcan\u00e7ou R$ 393,2 milh\u00f5es, redu\u00e7\u00e3o de 1,7% em compara\u00e7\u00e3o ao ano anterior, e produ\u00e7\u00e3o de 362,5 mil toneladas, eleva\u00e7\u00e3o de 4,5% ante 2018. O Paran\u00e1 \u00e9 o maior produtor do pa\u00eds de erva-mate, destacando-se a cidade de Cruz Machado, com 55,4 mil toneladas, correspondentes a 15,3% do total nacional.&nbsp;<\/p>\n\n\n\n<p>Edi\u00e7\u00e3o: Gra\u00e7a Adjuto<\/p>\n","protected":false},"excerpt":{"rendered":"<p>Dados s\u00e3o de pesquisa divulgada hoje pelo IBGE Por Alana Gandra &#8211; Rep\u00f3rter da Ag\u00eancia<\/p>\n","protected":false},"author":2,"featured_media":2800,"comment_status":"open","ping_status":"open","sticky":false,"template":"","format":"standard","meta":{"footnotes":""},"categories":[17],"tags":[],"class_list":["post-2799","post","type-post","status-publish","format-standard","has-post-thumbnail","hentry","category-outras-noticias"],"_links":{"self":[{"href":"https:\/\/tvc16.com\/portal\/wp-json\/wp\/v2\/posts\/2799","targetHints":{"allow":["GET"]}}],"collection":[{"href":"https:\/\/tvc16.com\/portal\/wp-json\/wp\/v2\/posts"}],"about":[{"href":"https:\/\/tvc16.com\/portal\/wp-json\/wp\/v2\/types\/post"}],"author":[{"embeddable":true,"href":"https:\/\/tvc16.com\/portal\/wp-json\/wp\/v2\/users\/2"}],"replies":[{"embeddable":true,"href":"https:\/\/tvc16.com\/portal\/wp-json\/wp\/v2\/comments?post=2799"}],"version-history":[{"count":1,"href":"https:\/\/tvc16.com\/portal\/wp-json\/wp\/v2\/posts\/2799\/revisions"}],"predecessor-version":[{"id":2801,"href":"https:\/\/tvc16.com\/portal\/wp-json\/wp\/v2\/posts\/2799\/revisions\/2801"}],"wp:featuredmedia":[{"embeddable":true,"href":"https:\/\/tvc16.com\/portal\/wp-json\/wp\/v2\/media\/2800"}],"wp:attachment":[{"href":"https:\/\/tvc16.com\/portal\/wp-json\/wp\/v2\/media?parent=2799"}],"wp:term":[{"taxonomy":"category","embeddable":true,"href":"https:\/\/tvc16.com\/portal\/wp-json\/wp\/v2\/categories?post=2799"},{"taxonomy":"post_tag","embeddable":true,"href":"https:\/\/tvc16.com\/portal\/wp-json\/wp\/v2\/tags?post=2799"}],"curies":[{"name":"wp","href":"https:\/\/api.w.org\/{rel}","templated":true}]}}