{"id":28046,"date":"2022-01-09T15:15:34","date_gmt":"2022-01-09T18:15:34","guid":{"rendered":"https:\/\/tvc16.com\/portal\/?p=28046"},"modified":"2022-01-09T15:15:36","modified_gmt":"2022-01-09T18:15:36","slug":"testes-positivos-de-covid-19-sao-mais-de-40-no-estado-do-rio","status":"publish","type":"post","link":"https:\/\/tvc16.com\/portal\/2022\/01\/09\/testes-positivos-de-covid-19-sao-mais-de-40-no-estado-do-rio\/","title":{"rendered":"Testes positivos de covid-19; s\u00e3o mais de 40% no estado do Rio"},"content":{"rendered":"\n<h3 class=\"wp-block-heading\">Na capital, considerando redes p\u00fablica e privada, \u00edndice \u00e9 de 43%<\/h3>\n\n\n\n<h3 class=\"wp-block-heading\">Por Vin\u00edcius Lisboa &#8211; Rep\u00f3rter da Ag\u00eancia Brasil* &#8211; Rio de Janeiro<\/h3>\n\n\n\n<p>A taxa de positividade dos testes de covid-19 na cidade do Rio, considerando o acumulado das redes p\u00fablica e privada nesta semana, chegou a 43%, segundo dado divulgado&nbsp;hoje&nbsp;(9) pela Secretaria Municipal de Sa\u00fade.&nbsp; A Secretaria Estadual de Sa\u00fade&nbsp;tamb\u00e9m calcula que a taxa de positividade tenha passado de 40%, marcando 41% na \u00faltima&nbsp;sexta-feira (7).<img decoding=\"async\" src=\"https:\/\/agenciabrasil.ebc.com.br\/ebc.png?id=1435953&amp;o=node\"><img decoding=\"async\" src=\"https:\/\/agenciabrasil.ebc.com.br\/ebc.gif?id=1435953&amp;o=node\"><\/p>\n\n\n\n<p>O percentual de positividade nos testes realizados na capital continua a subir desde a semana anterior ao Natal, quando saiu de 0,7% e chegou a 5,5%. A propor\u00e7\u00e3o registrada&nbsp;hoje&nbsp;significa que, de cada 100 testes realizados na cidade, 43 detectam o coronav\u00edrus no paciente.<\/p>\n\n\n\n<p>A Secretaria Municipal de Sa\u00fade informa que realizou mais de 52 mil testes de covid-19 na primeira semana de 2022. O n\u00famero \u00e9 o maior na s\u00e9rie hist\u00f3rica de semanas epidemiol\u00f3gicas, que consta no painel de dados mantido pela prefeitura, e \u00e9 mais que o dobro da \u00faltima semana&nbsp;de dezembro, quando foram realizados cerca de 20 mil testes.<\/p>\n\n\n\n<p>Dos mais de 52 mil testes, cerca de 49 mil s\u00e3o de ant\u00edgeno, 2,5 mil s\u00e3o RT-PCR e pouco mais de 200 s\u00e3o de anticorpos ou sorol\u00f3gicos.<\/p>\n\n\n\n<p>Somente&nbsp;ontem&nbsp;(8), os tr\u00eas novos centros de atendimento a pacientes com s\u00edndrome gripal, inaugurados pelo munic\u00edpio&nbsp;no Clube dos Servidores Municipais, na Cidade Nova; no Ciep&nbsp;Na\u00e7\u00e3o Rubro Negra, no Leblon; e na Arena Chacrinha, em Guaratiba,&nbsp;registraram respectivamente 964, 2.900 e 594 testes.<\/p>\n\n\n\n<p>Hoje&nbsp;(9) de manh\u00e3,&nbsp;tamb\u00e9m houve&nbsp;grande procura pelos centros de testagem na cidade e, no Clube dos Servidores Municipais, pacientes chegaram a esperar por mais de duas horas para realizar o exame.<\/p>\n\n\n\n<p>Assim como outras partes do pa\u00eds, a cidade vive crescimento acelerado no n\u00famero de casos devido \u00e0 dissemina\u00e7\u00e3o da variante \u00d4micron, considerada de preocupa\u00e7\u00e3o pela Organiza\u00e7\u00e3o Mundial da Sa\u00fade por ser mais contagiosa que as demais cepas do coronav\u00edrus.<\/p>\n\n\n\n<p>Segundo estimativa do secret\u00e1rio municipal de sa\u00fade do Rio, Daniel Soranz, a variante levou apenas 17 dias para se tornar a dominante na capital&nbsp;e&nbsp;hoje&nbsp;j\u00e1 responde por mais de 98% das infec\u00e7\u00f5es.&nbsp;<\/p>\n\n\n\n<p>Em boletim divulgado nesta semana, pesquisadores da Funda\u00e7\u00e3o Oswaldo Cruz (Fiocruz) ressaltam que a dissemina\u00e7\u00e3o da nova variante no Brasil se soma \u00e0 epidemia de gripe causada pelo H3N2 e \u00e0 grande circula\u00e7\u00e3o de pessoas durante as festas de fim de ano.&nbsp;<\/p>\n\n\n\n<p>&#8220;Todos esses elementos contribuem para causar impacto negativo&nbsp;na&nbsp;din\u00e2mica da pandemia e na capacidade de enfrentamento, na sa\u00fade da popula\u00e7\u00e3o e no sistema de sa\u00fade&#8221;, avaliam os pesquisadores. Eles ressaltam que a variante est\u00e1 relacionada \u00e0 menor gravidade nos casos de covid-19, mas pode pressionar os servi\u00e7os de sa\u00fade pelo potencial&nbsp;de causar aumento abrupto de casos.<\/p>\n\n\n\n<p><em>*Colaborou o rep\u00f3rter Vitor Abdala<\/em><\/p>\n\n\n\n<p>Edi\u00e7\u00e3o: Gra\u00e7a Adjuto<\/p>\n","protected":false},"excerpt":{"rendered":"<p>Na capital, considerando redes p\u00fablica e privada, \u00edndice \u00e9 de 43% Por Vin\u00edcius Lisboa &#8211;<\/p>\n","protected":false},"author":2,"featured_media":28047,"comment_status":"open","ping_status":"open","sticky":false,"template":"","format":"standard","meta":{"footnotes":""},"categories":[17],"tags":[],"class_list":["post-28046","post","type-post","status-publish","format-standard","has-post-thumbnail","hentry","category-outras-noticias"],"_links":{"self":[{"href":"https:\/\/tvc16.com\/portal\/wp-json\/wp\/v2\/posts\/28046","targetHints":{"allow":["GET"]}}],"collection":[{"href":"https:\/\/tvc16.com\/portal\/wp-json\/wp\/v2\/posts"}],"about":[{"href":"https:\/\/tvc16.com\/portal\/wp-json\/wp\/v2\/types\/post"}],"author":[{"embeddable":true,"href":"https:\/\/tvc16.com\/portal\/wp-json\/wp\/v2\/users\/2"}],"replies":[{"embeddable":true,"href":"https:\/\/tvc16.com\/portal\/wp-json\/wp\/v2\/comments?post=28046"}],"version-history":[{"count":1,"href":"https:\/\/tvc16.com\/portal\/wp-json\/wp\/v2\/posts\/28046\/revisions"}],"predecessor-version":[{"id":28048,"href":"https:\/\/tvc16.com\/portal\/wp-json\/wp\/v2\/posts\/28046\/revisions\/28048"}],"wp:featuredmedia":[{"embeddable":true,"href":"https:\/\/tvc16.com\/portal\/wp-json\/wp\/v2\/media\/28047"}],"wp:attachment":[{"href":"https:\/\/tvc16.com\/portal\/wp-json\/wp\/v2\/media?parent=28046"}],"wp:term":[{"taxonomy":"category","embeddable":true,"href":"https:\/\/tvc16.com\/portal\/wp-json\/wp\/v2\/categories?post=28046"},{"taxonomy":"post_tag","embeddable":true,"href":"https:\/\/tvc16.com\/portal\/wp-json\/wp\/v2\/tags?post=28046"}],"curies":[{"name":"wp","href":"https:\/\/api.w.org\/{rel}","templated":true}]}}