{"id":28049,"date":"2022-01-09T15:58:00","date_gmt":"2022-01-09T18:58:00","guid":{"rendered":"https:\/\/tvc16.com\/portal\/?p=28049"},"modified":"2022-01-09T15:58:03","modified_gmt":"2022-01-09T18:58:03","slug":"governo-do-estado-mobiliza-as-equipes-para-a-regiao-serrana-atingida-pelas-chuvas","status":"publish","type":"post","link":"https:\/\/tvc16.com\/portal\/2022\/01\/09\/governo-do-estado-mobiliza-as-equipes-para-a-regiao-serrana-atingida-pelas-chuvas\/","title":{"rendered":"Governo do estado mobiliza as equipes para a Regi\u00e3o Serrana atingida pelas chuvas"},"content":{"rendered":"\n<p>Por determina\u00e7\u00e3o do governador Cl\u00e1udio Castro e do secret\u00e1rio das Cidades, Uruan Andrade, equipes do DER-RJ e da SECID est\u00e3o de plant\u00e3o trabalhando na desobstru\u00e7\u00e3o das vias e conten\u00e7\u00f5es emergenciais de encostas, em parceria com as prefeituras, Defesa Civil e outros \u00f3rg\u00e3os do estado.<\/p>\n\n\n\n<p>Desde o in\u00edcio dos temporais, que castigam diversas regi\u00f5es fluminenses, engenheiros, t\u00e9cnicos e oper\u00e1rios atuam nas rodovias com maquin\u00e1rio e caminh\u00f5es para desobstruir e limpar os trechos afetados, e s\u00e3o muitos.<\/p>\n\n\n\n<p>Na Regi\u00e3o Serrana, a RJ-131 foi desobstru\u00edda com duas retroescavadeiras e caminh\u00f5es pipa para a remo\u00e7\u00e3o de lama e \u00e1rvores e limpeza da pista.<br>Na RJ-134, o problema maior foi a queda de \u00e1rvores sobre a rede el\u00e9trica, retiradas com retroescavadeira e tr\u00eas caminh\u00f5es, no s\u00e1bado (08\/01).<br>A RJ-123, Estrada de Secretario, tamb\u00e9m teve queda de barreira e est\u00e1 com as equipes de conserva de plant\u00e3o. No momento, a via est\u00e1 liberada<br>RJ-117, em Araras, homens atuam desde 7h de domingo (09\/01) na desobstru\u00e7\u00e3o das pistas.<\/p>\n\n\n\n<ul class=\"wp-block-list\"><li>Em epis\u00f3dios de chuva forte, uma resposta r\u00e1pida do poder p\u00fablico faz diferen\u00e7a. Por determina\u00e7\u00e3o do governador estamos atuando dia e noite para minimizar o impacto dos estragos causados pelas fortes chuvas e permitir a trafegabilidade &#8211; afirma o secret\u00e1rio das Cidades, Uruan Andrade.<\/li><li><\/li><\/ul>\n","protected":false},"excerpt":{"rendered":"<p>Por determina\u00e7\u00e3o do governador Cl\u00e1udio Castro e do secret\u00e1rio das Cidades, Uruan Andrade, equipes do<\/p>\n","protected":false},"author":2,"featured_media":28050,"comment_status":"open","ping_status":"open","sticky":false,"template":"","format":"standard","meta":{"footnotes":""},"categories":[12],"tags":[],"class_list":["post-28049","post","type-post","status-publish","format-standard","has-post-thumbnail","hentry","category-cidade"],"_links":{"self":[{"href":"https:\/\/tvc16.com\/portal\/wp-json\/wp\/v2\/posts\/28049","targetHints":{"allow":["GET"]}}],"collection":[{"href":"https:\/\/tvc16.com\/portal\/wp-json\/wp\/v2\/posts"}],"about":[{"href":"https:\/\/tvc16.com\/portal\/wp-json\/wp\/v2\/types\/post"}],"author":[{"embeddable":true,"href":"https:\/\/tvc16.com\/portal\/wp-json\/wp\/v2\/users\/2"}],"replies":[{"embeddable":true,"href":"https:\/\/tvc16.com\/portal\/wp-json\/wp\/v2\/comments?post=28049"}],"version-history":[{"count":1,"href":"https:\/\/tvc16.com\/portal\/wp-json\/wp\/v2\/posts\/28049\/revisions"}],"predecessor-version":[{"id":28051,"href":"https:\/\/tvc16.com\/portal\/wp-json\/wp\/v2\/posts\/28049\/revisions\/28051"}],"wp:featuredmedia":[{"embeddable":true,"href":"https:\/\/tvc16.com\/portal\/wp-json\/wp\/v2\/media\/28050"}],"wp:attachment":[{"href":"https:\/\/tvc16.com\/portal\/wp-json\/wp\/v2\/media?parent=28049"}],"wp:term":[{"taxonomy":"category","embeddable":true,"href":"https:\/\/tvc16.com\/portal\/wp-json\/wp\/v2\/categories?post=28049"},{"taxonomy":"post_tag","embeddable":true,"href":"https:\/\/tvc16.com\/portal\/wp-json\/wp\/v2\/tags?post=28049"}],"curies":[{"name":"wp","href":"https:\/\/api.w.org\/{rel}","templated":true}]}}