{"id":28052,"date":"2022-01-10T08:28:52","date_gmt":"2022-01-10T11:28:52","guid":{"rendered":"https:\/\/tvc16.com\/portal\/?p=28052"},"modified":"2022-01-10T11:31:30","modified_gmt":"2022-01-10T14:31:30","slug":"com-previsao-de-continuidade-de-chuva-fraca-a-moderada-defesa-civil-mantem-o-municipio-em-estagio-operacional-de-alerta","status":"publish","type":"post","link":"https:\/\/tvc16.com\/portal\/2022\/01\/10\/com-previsao-de-continuidade-de-chuva-fraca-a-moderada-defesa-civil-mantem-o-municipio-em-estagio-operacional-de-alerta\/","title":{"rendered":"Com previs\u00e3o de continuidade de chuva fraca a moderada, Defesa Civil mant\u00e9m o munic\u00edpio em est\u00e1gio operacional de alerta"},"content":{"rendered":"\n<p>Foto: arquivo<\/p>\n\n\n\n<p>A Secretaria de Defesa Civil segue com o munic\u00edpio em est\u00e1gio operacional de alerta. Apesar da redu\u00e7\u00e3o da intensidade, n\u00facleos de chuva, ainda que fraca, permanecem atuando no entorno da cidade. Com esse cen\u00e1rio, as equipes se mant\u00eam de sobreaviso. No per\u00edodo \u2013 5 a 8 de janeiro \u2013 foi registrada chuva cont\u00ednua, com intensidade moderada, chegando a ser forte de forma pontual no munic\u00edpio. Nos \u00faltimos dias, a Defesa Civil emitiu boletim geol\u00f3gico que sinalizou o risco muito alto para deslizamentos, principalmente no primeiro distrito. Das 214 ocorr\u00eancias, 155 foram de escorregamento de terra, seja em via p\u00fablica ou pr\u00f3ximo a resid\u00eancias.<\/p>\n\n\n\n<p>A Defesa Civil interditou 55 casas. A Secretaria de Assist\u00eancia Social atende 170 pessoas, com suporte para as necessidades imediatas e destinando os servi\u00e7os adequados. \u201cEsse foi nosso primeiro grande desafio e conseguimos garantir o atendimento \u00e0 popula\u00e7\u00e3o afetada. Estamos presentes. O petropolitano pode confiar que n\u00e3o est\u00e1 sozinho: o governo municipal est\u00e1 ao lado de todos neste momento\u201d, destacou o prefeito Rubens Bomtempo.<\/p>\n\n\n\n<p>Toda a Prefeitura atuou na resposta \u00e0s chuvas, de maneira integrada. Al\u00e9m do trabalho da Defesa Civil, que operou com todo o efetivo operacional, t\u00e9cnico, administrativo, o governo municipal colocou equipes das Secretarias de Obras; Servi\u00e7os, Seguran\u00e7a e Ordem P\u00fablica; Assist\u00eancia Social; Educa\u00e7\u00e3o; Sa\u00fade; Comdep, CPTrans e Administra\u00e7\u00e3o para atua\u00e7\u00e3o intersetorial, unindo esfor\u00e7os pela seguran\u00e7a da popula\u00e7\u00e3o e manuten\u00e7\u00e3o do funcionamento da cidade.<\/p>\n\n\n\n<p>Os agentes da Defesa Civil mant\u00eam o monitoramento constante e seguem de prontid\u00e3o para o atendimento a novas ocorr\u00eancias que ainda podem surgir. \u201cMesmo com a redu\u00e7\u00e3o da intensidade da chuva ainda podemos ter registro de novas ocorr\u00eancias, tendo em vista o impacto do solo ap\u00f3s os dias de chuva cont\u00ednua. \u00c9 importante que a popula\u00e7\u00e3o permane\u00e7a atenta e a qualquer sinal de risco, nos acione pelo 199\u201d, destacou o secret\u00e1rio de Defesa Civil, Gil Kempers.<\/p>\n\n\n\n<p>Para amanh\u00e3 (10) e ter\u00e7a (11), a previs\u00e3o \u00e9 de perman\u00eancia de n\u00facleos de chuva fraca, podendo ser moderada de forma isolada. Da \u00faltima quinta (6) at\u00e9 este domingo (9), o maior acumulado pluviom\u00e9trico foi registrado na regi\u00e3o do Independ\u00eancia, com 299.4 mil\u00edmetros nas \u00faltimas 96 horas.<\/p>\n","protected":false},"excerpt":{"rendered":"<p>Foto: arquivo A Secretaria de Defesa Civil segue com o munic\u00edpio em est\u00e1gio operacional de<\/p>\n","protected":false},"author":2,"featured_media":28088,"comment_status":"open","ping_status":"open","sticky":false,"template":"","format":"standard","meta":{"footnotes":""},"categories":[12],"tags":[],"class_list":["post-28052","post","type-post","status-publish","format-standard","has-post-thumbnail","hentry","category-cidade"],"_links":{"self":[{"href":"https:\/\/tvc16.com\/portal\/wp-json\/wp\/v2\/posts\/28052","targetHints":{"allow":["GET"]}}],"collection":[{"href":"https:\/\/tvc16.com\/portal\/wp-json\/wp\/v2\/posts"}],"about":[{"href":"https:\/\/tvc16.com\/portal\/wp-json\/wp\/v2\/types\/post"}],"author":[{"embeddable":true,"href":"https:\/\/tvc16.com\/portal\/wp-json\/wp\/v2\/users\/2"}],"replies":[{"embeddable":true,"href":"https:\/\/tvc16.com\/portal\/wp-json\/wp\/v2\/comments?post=28052"}],"version-history":[{"count":1,"href":"https:\/\/tvc16.com\/portal\/wp-json\/wp\/v2\/posts\/28052\/revisions"}],"predecessor-version":[{"id":28054,"href":"https:\/\/tvc16.com\/portal\/wp-json\/wp\/v2\/posts\/28052\/revisions\/28054"}],"wp:featuredmedia":[{"embeddable":true,"href":"https:\/\/tvc16.com\/portal\/wp-json\/wp\/v2\/media\/28088"}],"wp:attachment":[{"href":"https:\/\/tvc16.com\/portal\/wp-json\/wp\/v2\/media?parent=28052"}],"wp:term":[{"taxonomy":"category","embeddable":true,"href":"https:\/\/tvc16.com\/portal\/wp-json\/wp\/v2\/categories?post=28052"},{"taxonomy":"post_tag","embeddable":true,"href":"https:\/\/tvc16.com\/portal\/wp-json\/wp\/v2\/tags?post=28052"}],"curies":[{"name":"wp","href":"https:\/\/api.w.org\/{rel}","templated":true}]}}