{"id":28056,"date":"2022-01-10T10:40:16","date_gmt":"2022-01-10T13:40:16","guid":{"rendered":"https:\/\/tvc16.com\/portal\/?p=28056"},"modified":"2022-01-10T10:44:07","modified_gmt":"2022-01-10T13:44:07","slug":"tere-sorridente-atende-89-pacientes-na-primeira-semana-de-atendimento","status":"publish","type":"post","link":"https:\/\/tvc16.com\/portal\/2022\/01\/10\/tere-sorridente-atende-89-pacientes-na-primeira-semana-de-atendimento\/","title":{"rendered":"&#8220;Ter\u00ea Sorridente&#8221; atende 89 pacientes na primeira semana de atendimento"},"content":{"rendered":"\n<p><strong>Programa de Sa\u00fade Bucal foi lan\u00e7ado em 29 de dezembro e expande atendimentos odontol\u00f3gicos para a popula\u00e7\u00e3o<\/strong><\/p>\n\n\n\n<p>Na primeira semana de 2022, o novo programa de sa\u00fade bucal municipal \u201cTer\u00ea Sorridente\u201d atendeu 89 pacientes nas unidades de sa\u00fade da cidade e interior. O servi\u00e7o foi lan\u00e7ado pela Prefeitura Municipal de Teres\u00f3polis, no dia 29 de dezembro, com objetivo de expandir os atendimentos e educa\u00e7\u00e3o em sa\u00fade para toda a popula\u00e7\u00e3o.<\/p>\n\n\n\n<p>S\u00e3o 13 profissionais, entre dentistas e t\u00e9cnicos em sa\u00fade bucal, que oferecem tratamento dent\u00e1rio de qualidade para as comunidades atendidas pela Aten\u00e7\u00e3o Prim\u00e1ria de Teres\u00f3polis. \u201cOs profissionais de odontologia contribuir\u00e3o com a melhoria do servi\u00e7o e tamb\u00e9m auxiliar a unidade em registras todos os casos atendidos diariamente. Assim, ser\u00e1 poss\u00edvel identificar com maior efic\u00e1cia as particularidades de cada regi\u00e3o\u201d, explica o Secret\u00e1rio de Sa\u00fade, Ant\u00f4nio Henrique Vasconcellos.<\/p>\n\n\n\n<p>As unidades de sa\u00fade est\u00e3o em fase de implanta\u00e7\u00e3o do sistema para registro dos atendimentos, previsto para ser conclu\u00edda em 15 dias. Enquanto isso, os registros s\u00e3o feitos de forma manual para posterior digitaliza\u00e7\u00e3o.<\/p>\n\n\n\n<p><strong>Avan\u00e7os na sa\u00fade p\u00fablica<\/strong><\/p>\n\n\n\n<p>A Sa\u00fade de Teres\u00f3polis t\u00eam sido uma das \u00e1reas priorit\u00e1rias da gest\u00e3o municipal. Mesmo em meio \u00e0 Pandemia de Covid-19, novos servi\u00e7os foram inaugurados, como o SAMU Teres\u00f3polis, a abertura de 10 leitos UTI Neonatal, al\u00e9m do programa de sa\u00fade bucal \u201cTer\u00ea Sorridente\u201d.<\/p>\n\n\n\n<p>\u201cO lan\u00e7amento do Ter\u00ea Sorridente \u00e9 mais um avan\u00e7o nos servi\u00e7os da Aten\u00e7\u00e3o B\u00e1sica para a popula\u00e7\u00e3o de Teres\u00f3polis na nossa gest\u00e3o. Tivemos a reestrutura\u00e7\u00e3o do Centro de Especialidades Odontol\u00f3gicas (CEO), e o avan\u00e7o de 24% para mais de 50% da cobertura da Aten\u00e7\u00e3o B\u00e1sica no munic\u00edpio. Nossa gest\u00e3o segue em 2022 trabalhando muito para entregar um servi\u00e7o de sa\u00fade de qualidade para o teresopolitano\u201d, disse o Prefeito Vin\u00edcius Claussen.<\/p>\n","protected":false},"excerpt":{"rendered":"<p>Programa de Sa\u00fade Bucal foi lan\u00e7ado em 29 de dezembro e expande atendimentos odontol\u00f3gicos para<\/p>\n","protected":false},"author":2,"featured_media":28057,"comment_status":"open","ping_status":"open","sticky":false,"template":"","format":"standard","meta":{"footnotes":""},"categories":[17],"tags":[],"class_list":["post-28056","post","type-post","status-publish","format-standard","has-post-thumbnail","hentry","category-outras-noticias"],"_links":{"self":[{"href":"https:\/\/tvc16.com\/portal\/wp-json\/wp\/v2\/posts\/28056","targetHints":{"allow":["GET"]}}],"collection":[{"href":"https:\/\/tvc16.com\/portal\/wp-json\/wp\/v2\/posts"}],"about":[{"href":"https:\/\/tvc16.com\/portal\/wp-json\/wp\/v2\/types\/post"}],"author":[{"embeddable":true,"href":"https:\/\/tvc16.com\/portal\/wp-json\/wp\/v2\/users\/2"}],"replies":[{"embeddable":true,"href":"https:\/\/tvc16.com\/portal\/wp-json\/wp\/v2\/comments?post=28056"}],"version-history":[{"count":1,"href":"https:\/\/tvc16.com\/portal\/wp-json\/wp\/v2\/posts\/28056\/revisions"}],"predecessor-version":[{"id":28058,"href":"https:\/\/tvc16.com\/portal\/wp-json\/wp\/v2\/posts\/28056\/revisions\/28058"}],"wp:featuredmedia":[{"embeddable":true,"href":"https:\/\/tvc16.com\/portal\/wp-json\/wp\/v2\/media\/28057"}],"wp:attachment":[{"href":"https:\/\/tvc16.com\/portal\/wp-json\/wp\/v2\/media?parent=28056"}],"wp:term":[{"taxonomy":"category","embeddable":true,"href":"https:\/\/tvc16.com\/portal\/wp-json\/wp\/v2\/categories?post=28056"},{"taxonomy":"post_tag","embeddable":true,"href":"https:\/\/tvc16.com\/portal\/wp-json\/wp\/v2\/tags?post=28056"}],"curies":[{"name":"wp","href":"https:\/\/api.w.org\/{rel}","templated":true}]}}