{"id":28060,"date":"2022-01-10T10:46:03","date_gmt":"2022-01-10T13:46:03","guid":{"rendered":"https:\/\/tvc16.com\/portal\/?p=28060"},"modified":"2022-01-10T10:46:05","modified_gmt":"2022-01-10T13:46:05","slug":"inscricoes-para-edital-de-fomento-de-projetos-com-base-tecnologica-de-teresopolis-foram-abertas-hoje-10","status":"publish","type":"post","link":"https:\/\/tvc16.com\/portal\/2022\/01\/10\/inscricoes-para-edital-de-fomento-de-projetos-com-base-tecnologica-de-teresopolis-foram-abertas-hoje-10\/","title":{"rendered":"Inscri\u00e7\u00f5es para edital de Fomento de Projetos com Base Tecnol\u00f3gica de Teres\u00f3polis foram abertas hoje (10)"},"content":{"rendered":"\n<p><strong><em>Iniciativa pretende investir R$ 195 mil em 45 projetos<\/em><\/strong><\/p>\n\n\n\n<p>Nesta segunda-feira (10) come\u00e7aram as inscri\u00e7\u00f5es para o Edital de Fomento de Projetos com Base Tecnol\u00f3gica de Teres\u00f3polis. \u00c9 o Chamamento P\u00fablico\u00a0n\u00ba 001\/2021,\u00a0da Secretaria Municipal de Ci\u00eancia e Tecnologia. A iniciativa pretende investir R$ 195 mil para apoiar e fomentar at\u00e9 45 projetos de\u00a0empreendedores, pesquisadores e estudantes, em est\u00e1gio inicial do processo de desenvolvimento.<\/p>\n\n\n\n<p>Podem ser propostas de eventos, neg\u00f3cios, conte\u00fados, pesquisas acad\u00eamicas e trabalhos de conclus\u00e3o de cursos que\u00a0proponham a solu\u00e7\u00e3o de problemas nas \u00e1reas de Agricultura, Educa\u00e7\u00e3o, Turismo e Governo Digital,\u00a0desde que estejam em\u00a0conson\u00e2ncia com um dos 17 objetivos do Desenvolvimento Sustent\u00e1vel do Mil\u00eanio, da ONU.<\/p>\n\n\n\n<p>As inscri\u00e7\u00f5es s\u00e3o gratuitas e devem\u00a0ser realizadas\u00a0entre os dias 10\/01 e 10\/02\/2022\u00a0por meio do endere\u00e7o eletr\u00f4nico\u00a0<a rel=\"noreferrer noopener\" href=\"https:\/\/teresopolis.rj.gov.br\/inovatere\" target=\"_blank\">https:\/\/teresopolis.rj.gov.br\/inovatere<\/a>. Os\u00a0candidatos dever\u00e3o anexar no formul\u00e1rio eletr\u00f4nico os seguintes documentos:<\/p>\n\n\n\n<p>a) Pessoa F\u00edsica: c\u00f3pia digitalizada (escaneada ou foto leg\u00edvel) do comprovante de resid\u00eancia no nome do participante respons\u00e1vel ou de seu respons\u00e1vel, quando menor, e c\u00f3pia digitalizada do RG e CPF (escaneada ou foto leg\u00edvel).<\/p>\n\n\n\n<p>b) Pessoa Jur\u00eddica: cart\u00e3o do CNPJ na situa\u00e7\u00e3o Ativa; c\u00f3pia digitalizada (escaneada ou foto leg\u00edvel) do comprovante de endere\u00e7o da empresa; estatuto ou contrato social e altera\u00e7\u00f5es devidamente atualizadas; e c\u00f3pia digitalizada do RG e CPF (escaneada ou foto leg\u00edvel) do representante legal.<\/p>\n\n\n\n<p>\u201cPor meio desta pol\u00edtica p\u00fablica de incentivo ao empreendedorismo tecnol\u00f3gico, criamos oportunidades para o desenvolvimento de novos neg\u00f3cios e a abertura de empresas na \u00e1rea de inova\u00e7\u00e3o tecnol\u00f3gica em Teres\u00f3polis, contribuindo para o desenvolvimento socioecon\u00f4mico do munic\u00edpio\u201d, avalia o Prefeito Vinicius Claussen.<\/p>\n\n\n\n<p><strong>P\u00fablico de interesse<\/strong><\/p>\n\n\n\n<p>Poder\u00e3o participar do edital pessoas f\u00edsicas e jur\u00eddicas titulares de projetos individuais que tenham por base o relacionamento territorial com o Munic\u00edpio de Teres\u00f3polis, com as seguintes condi\u00e7\u00f5es:<\/p>\n\n\n\n<ol class=\"wp-block-list\"><li>S\u00f3 poder\u00e3o se inscrever empreendedores residentes h\u00e1 pelo menos 1 ano no Munic\u00edpio de Teres\u00f3polis, a partir da data de publica\u00e7\u00e3o deste edital.<\/li><li>Participantes menores de 18 anos podem se inscrever, desde que devidamente autorizados pelo respons\u00e1vel legal;<\/li><li>Cada participante poder\u00e1 inscrever um \u00fanico projeto, do qual ser\u00e1 considerado autor titular;<\/li><li>Projetos que tenham um prot\u00f3tipo, entretanto, ser\u00e3o aceitos, mas isso dever\u00e1 ficar claro na proposta;<\/li><li>Projetos oriundos de trabalhos de conclus\u00e3o de curso de gradua\u00e7\u00e3o e\/ou de p\u00f3s-gradua\u00e7\u00e3o tamb\u00e9m poder\u00e3o ser inscritos.<\/li><\/ol>\n\n\n\n<p>Os projetos\/ideias ser\u00e3o destinados a Pessoas F\u00edsicas e Jur\u00eddicas com as seguintes condi\u00e7\u00f5es:<\/p>\n\n\n\n<p>a) Pessoa F\u00edsica<\/p>\n\n\n\n<ol class=\"wp-block-list\"><li>Ser\u00e3o contempladas o m\u00e1ximo de 25 (vinte e cinco) propostas apresentadas;<\/li><li>Cada proposta receber\u00e1 o montante de R$ 3.000,00 (tr\u00eas mil reais).<\/li><\/ol>\n\n\n\n<p>b) Pessoa Jur\u00eddica<\/p>\n\n\n\n<ol class=\"wp-block-list\"><li>Ser\u00e3o contempladas o m\u00e1ximo de 20 (vinte) propostas apresentadas;<\/li><li>Cada proposta receber\u00e1 o montante de R$ 6.000,00 (seis mil reais).<\/li><\/ol>\n\n\n\n<p><strong>Sele\u00e7\u00e3o das propostas<\/strong><\/p>\n\n\n\n<p>O Comit\u00ea Gestor de A\u00e7\u00f5es de Inova\u00e7\u00e3o, instrumento previsto na Lei Municipal n\u00ba 4.014, de 2 de julho de 2021, nomear\u00e1 a Comiss\u00e3o Avaliadora deste Edital para a avalia\u00e7\u00e3o e julgamento dos projetos, bem como sele\u00e7\u00e3o das propostas que receber\u00e3o apoio, atribuindo valores a cada quesito para uma classifica\u00e7\u00e3o geral das propostas. A Comiss\u00e3o Avaliadora far\u00e1 a avalia\u00e7\u00e3o, bem como selecionar\u00e1 os projetos\/ideias que receber\u00e3o apoio, atribuindo valores a cada quesito para uma classifica\u00e7&amp;a tilde;o geral.<\/p>\n\n\n\n<p>Os classificados para a etapa de entrevista decorrentes do edital ser\u00e3o publicados em Di\u00e1rio Oficial Eletr\u00f4nico da Prefeitura de Teres\u00f3polis e no site&nbsp;<a href=\"https:\/\/teresopolis.rj.gov.br\/inovatere\/\" target=\"_blank\" rel=\"noreferrer noopener\">https:\/\/teresopolis.rj.gov.br\/inovatere\/<\/a>,<\/p>\n\n\n\n<p>bem como em outros canais oficiais da Prefeitura de Teres\u00f3polis, at\u00e9 o dia 28\/03\/2022.<\/p>\n\n\n\n<p>O Projeto\/ideia contemplado com recursos financeiros deste Edital dever\u00e1 ser desenvolvidos pelo per\u00edodo de 12 (doze) meses, a contar do recebimento.<\/p>\n\n\n\n<p><strong>Cronograma<\/strong><\/p>\n\n\n\n<figure class=\"wp-block-table\"><table><tbody><tr><td><strong>Atividades<\/strong><\/td><td><strong>Per\u00edodo<\/strong><\/td><\/tr><tr><td>&nbsp;<\/td><td>&nbsp;<\/td><\/tr><tr><td>Per\u00edodo para inscri\u00e7\u00f5es<\/td><td>10\/01 a 10\/02\/2022<\/td><td>&nbsp;<\/td><\/tr><tr><td>Divulga\u00e7\u00e3o das inscri\u00e7\u00f5es homologadas<\/td><td>10\/03\/2022<\/td><\/tr><tr><td>Recebimento de recursos<\/td><td>11\/03 a 15\/03\/2022<\/td><td>&nbsp;<\/td><\/tr><tr><td>Resultados dos recursos<\/td><td>21\/03\/2022<\/td><\/tr><tr><td>Avalia\u00e7\u00e3o dos projetos<\/td><td>21\/03 a 25\/03\/2022<\/td><td>&nbsp;<\/td><\/tr><tr><td>Divulga\u00e7\u00e3o dos selecionados para entrevista \/ pitch<\/td><td>28\/03\/2022<\/td><\/tr><tr><td>Realiza\u00e7\u00e3o das entrevistas<\/td><td>04\/04\/ a 07\/04\/2022<\/td><td>&nbsp;<\/td><\/tr><tr><td>Divulga\u00e7\u00e3o dos resultados<\/td><td>14\/04\/2022<\/td><\/tr><tr><td>InovaTer\u00ea&nbsp;<em>Day<\/em><\/td><td>23\/04\/2022<\/td><\/tr><\/tbody><\/table><\/figure>\n","protected":false},"excerpt":{"rendered":"<p>Iniciativa pretende investir R$ 195 mil em 45 projetos Nesta segunda-feira (10) come\u00e7aram as inscri\u00e7\u00f5es<\/p>\n","protected":false},"author":2,"featured_media":28061,"comment_status":"open","ping_status":"open","sticky":false,"template":"","format":"standard","meta":{"footnotes":""},"categories":[17],"tags":[],"class_list":["post-28060","post","type-post","status-publish","format-standard","has-post-thumbnail","hentry","category-outras-noticias"],"_links":{"self":[{"href":"https:\/\/tvc16.com\/portal\/wp-json\/wp\/v2\/posts\/28060","targetHints":{"allow":["GET"]}}],"collection":[{"href":"https:\/\/tvc16.com\/portal\/wp-json\/wp\/v2\/posts"}],"about":[{"href":"https:\/\/tvc16.com\/portal\/wp-json\/wp\/v2\/types\/post"}],"author":[{"embeddable":true,"href":"https:\/\/tvc16.com\/portal\/wp-json\/wp\/v2\/users\/2"}],"replies":[{"embeddable":true,"href":"https:\/\/tvc16.com\/portal\/wp-json\/wp\/v2\/comments?post=28060"}],"version-history":[{"count":1,"href":"https:\/\/tvc16.com\/portal\/wp-json\/wp\/v2\/posts\/28060\/revisions"}],"predecessor-version":[{"id":28062,"href":"https:\/\/tvc16.com\/portal\/wp-json\/wp\/v2\/posts\/28060\/revisions\/28062"}],"wp:featuredmedia":[{"embeddable":true,"href":"https:\/\/tvc16.com\/portal\/wp-json\/wp\/v2\/media\/28061"}],"wp:attachment":[{"href":"https:\/\/tvc16.com\/portal\/wp-json\/wp\/v2\/media?parent=28060"}],"wp:term":[{"taxonomy":"category","embeddable":true,"href":"https:\/\/tvc16.com\/portal\/wp-json\/wp\/v2\/categories?post=28060"},{"taxonomy":"post_tag","embeddable":true,"href":"https:\/\/tvc16.com\/portal\/wp-json\/wp\/v2\/tags?post=28060"}],"curies":[{"name":"wp","href":"https:\/\/api.w.org\/{rel}","templated":true}]}}