{"id":2808,"date":"2020-10-15T16:21:47","date_gmt":"2020-10-15T16:21:47","guid":{"rendered":"https:\/\/tvc16.com\/portal\/?p=2808"},"modified":"2020-10-15T16:21:47","modified_gmt":"2020-10-15T16:21:47","slug":"desigualdade-de-genero-se-manifesta-na-tecnologia-na-america-latina","status":"publish","type":"post","link":"https:\/\/tvc16.com\/portal\/2020\/10\/15\/desigualdade-de-genero-se-manifesta-na-tecnologia-na-america-latina\/","title":{"rendered":"Desigualdade de g\u00eanero se manifesta na tecnologia na Am\u00e9rica Latina"},"content":{"rendered":"\n<p>Em 23 pa\u00edses , homens tem mais telefones m\u00f3veis que mulheres<\/p>\n\n\n\n<h4 class=\"wp-block-heading\">Por Jonas Valente \u2013 Rep\u00f3rter Ag\u00eancia Brasil &#8211; Bras\u00edlia<\/h4>\n\n\n\n<p>As mulheres possuem menor probabilidade de possu\u00edrem aparelhos digitais e terem acesso \u00e0 internet na Am\u00e9rica Latina. As desigualdades de g\u00eanero se estendem no acesso a dispositivos e recursos tecnol\u00f3gicos, refor\u00e7ando a iniquidade das mulheres na regi\u00e3o.<img decoding=\"async\" src=\"https:\/\/agenciabrasil.ebc.com.br\/ebc.png?id=1390671&amp;o=node\"><img decoding=\"async\" src=\"https:\/\/agenciabrasil.ebc.com.br\/ebc.gif?id=1390671&amp;o=node\"><\/p>\n\n\n\n<p>A conclus\u00e3o \u00e9 de um relat\u00f3rio lan\u00e7ado pelo Banco Interamericano de Desenvolvimento e pelo Instituto Interamericano de Coopera\u00e7\u00e3o para a Agricultura (IICA). O estudo foi desenvolvido por pesquisadores da Universidade de Oxford, no Reino Unido.<\/p>\n\n\n\n<p>Em 23 pa\u00edses analisados, a propriedade de telefones m\u00f3veis \u00e9 majoritariamente maior entre homens do que mulheres. As diferen\u00e7as mais acentuadas ocorrem no Equador, em El Salvador, na Guatemala, em Honduras, em Trindad e Tobago e na Venezuela.<\/p>\n\n\n\n<p>Em cinco dos 23 pa\u00edses estudados, esta tend\u00eancia se inverte. Isso ocorre na Argentina, no Brasil, no Chile, no Haiti e no Panam\u00e1. Na Jamaica, os \u00edndices s\u00e3o semelhantes. Na evolu\u00e7\u00e3o dos \u00edndices, as mulheres chegaram a possuir uma possibilidade maior em 2007, mas desde ent\u00e3o a brecha de g\u00eanero favoreceu os homens. Nos \u00faltimos anos este movimento vinha diminuindo, quando come\u00e7ou a aumentar novamente.<\/p>\n\n\n\n<p>\u201cO hiato digital de g\u00eanero vinha sendo gradualmente reduzido ao longo do tempo, mas nos \u00faltimos cinco anos ocorreu aparentemente uma piora. Al\u00e9m disso, caracter\u00edsticas como g\u00eanero, situa\u00e7\u00e3o socioecon\u00f4mica e localiza\u00e7\u00e3o da resid\u00eancia interagem produzindo m\u00faltiplas camadas de desvantagem para as mulheres\u201d, afirmam os autores.<\/p>\n\n\n\n<p>Nesse entrecruzamento de fatores, as mulheres com baixo n\u00edvel educacional residentes em \u00e1reas rurais s\u00e3o as mais afetadas. Este \u00e9 o grupo com taxas mais baixas de acesso \u00e0 internet, ficando mais exclu\u00eddo das informa\u00e7\u00f5es e aplica\u00e7\u00f5es disponibilizadas no \u00e2mbito da Rede Mundial de Computadores.<\/p>\n\n\n\n<p>O apontamento da desigualdade no uso de tecnologias da informa\u00e7\u00e3o \u00e9 justificado pelos autores tamb\u00e9m como tema relevante uma vez que o acesso ao telefone tamb\u00e9m possibilita a participa\u00e7\u00e3o de pr\u00e1ticas importantes, sejam elas de comunica\u00e7\u00e3o pessoal, intera\u00e7\u00e3o social ou facilita\u00e7\u00e3o da atividade econ\u00f4mica.<\/p>\n\n\n\n<p>Al\u00e9m disso, os respons\u00e1veis pelo estudo identificaram tamb\u00e9m uma correla\u00e7\u00e3o entre os hiatos digitais e situa\u00e7\u00f5es de vulnerabilidade, como empregos prec\u00e1rios.<\/p>\n\n\n\n<h2 class=\"wp-block-heading\">Facebook<\/h2>\n\n\n\n<p>A pesquisa analisou tamb\u00e9m o acesso \u00e0 maior rede social do mundo, o Facebook. O uso da plataforma foi considerado alto na regi\u00e3o, especialmente na faixa de 20 a 30 anos. Na compara\u00e7\u00e3o entre 2018 e 2020, foi registrada uma queda na faixa de jovens abaixo de 25 anos e um aumento entre as pessoas acima desta idade.<\/p>\n\n\n\n<p>Os maiores \u00edndices de penetra\u00e7\u00e3o entre mulheres ocorre nos pa\u00edses Aruba, Argentina, Equador, M\u00e9xico e Uruguai. Em v\u00e1rios pa\u00edses elas possuem acesso maior do que eles, como Brasil, Argentina, Venezuela, Chile, Suriname e Uruguai.<\/p>\n\n\n\n<p>Para os autores, em um contexto em que a pandemia evidenciou a conectividade como um bem p\u00fablico, o \u201ccaminho para a igualdade ainda \u00e9 longo\u201d, seja na posse de tecnologias digitais seja no acesso \u00e0 Internet.<\/p>\n\n\n\n<p>Para al\u00e9m de cerca de 36% da popula\u00e7\u00e3o ainda n\u00e3o ter acesso \u00e0 Rede Mundial de Computadores, segundo a Uni\u00e3o Internacional de Telecomunica\u00e7\u00f5es, as diferen\u00e7as dentro do acesso, como as de g\u00eanero, erguem barreiras ainda maiores para uma acesso equ\u00e2nime.<\/p>\n\n\n\n<p>\u201cSe as diferen\u00e7as no acesso \u00e0s tecnologias da informa\u00e7\u00e3o e comunica\u00e7\u00e3o, em geral, e aos telefones m\u00f3veis, em particular, n\u00e3o forem abordadas com efic\u00e1cia, as desigualdades existentes no mundo, como as que ocorrem entre homens e mulheres, poder\u00e3o ser exacerbadas\u201d, concluem os respons\u00e1veis pela pesquisa.<\/p>\n\n\n\n<p>Edi\u00e7\u00e3o: F\u00e1bio Massalli<\/p>\n","protected":false},"excerpt":{"rendered":"<p>Em 23 pa\u00edses , homens tem mais telefones m\u00f3veis que mulheres Por Jonas Valente \u2013<\/p>\n","protected":false},"author":2,"featured_media":2809,"comment_status":"open","ping_status":"open","sticky":false,"template":"","format":"standard","meta":{"footnotes":""},"categories":[16],"tags":[],"class_list":["post-2808","post","type-post","status-publish","format-standard","has-post-thumbnail","hentry","category-colunistas"],"_links":{"self":[{"href":"https:\/\/tvc16.com\/portal\/wp-json\/wp\/v2\/posts\/2808","targetHints":{"allow":["GET"]}}],"collection":[{"href":"https:\/\/tvc16.com\/portal\/wp-json\/wp\/v2\/posts"}],"about":[{"href":"https:\/\/tvc16.com\/portal\/wp-json\/wp\/v2\/types\/post"}],"author":[{"embeddable":true,"href":"https:\/\/tvc16.com\/portal\/wp-json\/wp\/v2\/users\/2"}],"replies":[{"embeddable":true,"href":"https:\/\/tvc16.com\/portal\/wp-json\/wp\/v2\/comments?post=2808"}],"version-history":[{"count":1,"href":"https:\/\/tvc16.com\/portal\/wp-json\/wp\/v2\/posts\/2808\/revisions"}],"predecessor-version":[{"id":2810,"href":"https:\/\/tvc16.com\/portal\/wp-json\/wp\/v2\/posts\/2808\/revisions\/2810"}],"wp:featuredmedia":[{"embeddable":true,"href":"https:\/\/tvc16.com\/portal\/wp-json\/wp\/v2\/media\/2809"}],"wp:attachment":[{"href":"https:\/\/tvc16.com\/portal\/wp-json\/wp\/v2\/media?parent=2808"}],"wp:term":[{"taxonomy":"category","embeddable":true,"href":"https:\/\/tvc16.com\/portal\/wp-json\/wp\/v2\/categories?post=2808"},{"taxonomy":"post_tag","embeddable":true,"href":"https:\/\/tvc16.com\/portal\/wp-json\/wp\/v2\/tags?post=2808"}],"curies":[{"name":"wp","href":"https:\/\/api.w.org\/{rel}","templated":true}]}}