{"id":2811,"date":"2020-10-15T16:23:57","date_gmt":"2020-10-15T16:23:57","guid":{"rendered":"https:\/\/tvc16.com\/portal\/?p=2811"},"modified":"2020-10-15T16:23:57","modified_gmt":"2020-10-15T16:23:57","slug":"ponte-entre-brasil-e-paraguai-sera-reaberta-hoje","status":"publish","type":"post","link":"https:\/\/tvc16.com\/portal\/2020\/10\/15\/ponte-entre-brasil-e-paraguai-sera-reaberta-hoje\/","title":{"rendered":"Ponte entre Brasil e Paraguai ser\u00e1 reaberta hoje"},"content":{"rendered":"\n<h4 class=\"wp-block-heading\">Por Andreia Verd\u00e9lio \u2013 Rep\u00f3rter da Ag\u00eancia Brasil &#8211; Bras\u00edlia<\/h4>\n\n\n\n<p>A Ponte da Amizade, principal liga\u00e7\u00e3o entre Brasil e Paraguai, ser\u00e1 reaberta hoje (15). A travessia entre Foz do Igua\u00e7u, no Paran\u00e1, e Ciudad del Este, no pa\u00eds vizinho, est\u00e1 bloqueada desde o dia 18 de mar\u00e7o em raz\u00e3o das medidas para enfrentamento da pandemia de covid-19.<img decoding=\"async\" src=\"https:\/\/agenciabrasil.ebc.com.br\/ebc.png?id=1390702&amp;o=node\"><img decoding=\"async\" src=\"https:\/\/agenciabrasil.ebc.com.br\/ebc.gif?id=1390702&amp;o=node\"><\/p>\n\n\n\n<p>Em portaria publicada ontem (14) em edi\u00e7\u00e3o extra do&nbsp;<a href=\"http:\/\/pesquisa.in.gov.br\/imprensa\/jsp\/visualiza\/index.jsp?data=14\/10\/2020&amp;jornal=600&amp;pagina=1\" target=\"_blank\" rel=\"noreferrer noopener\"><em>Di\u00e1rio Oficial da Uni\u00e3o<\/em><\/a>, o governo federal autorizou a entrada de estrangeiros pelas vias terrestres entre o Brasil e o Paraguai, \u201cdesde que obedecidos os requisitos migrat\u00f3rios adequados \u00e0 sua condi\u00e7\u00e3o, inclusive o de portar visto de entrada, quando este for exigido pelo ordenamento jur\u00eddico brasileiro\u201d. A medida foi destacada pelo presidente&nbsp;<a href=\"https:\/\/twitter.com\/jairbolsonaro\/status\/1316691489762799616\" target=\"_blank\" rel=\"noreferrer noopener\">Jair Bolsonaro<\/a>&nbsp;em suas redes sociais.<\/p>\n\n\n\n<p>A nova portaria prorroga por mais 30 dias a restri\u00e7\u00e3o de entrada, no Brasil, de estrangeiros \u201cpor rodovias, por outros meios terrestres ou por transporte aquavi\u00e1rio&#8221;, em raz\u00e3o da pandemia da covid-19. A entrada de estrangeiros por via a\u00e9rea, por qualquer aeroporto do pa\u00eds, est\u00e1&nbsp;<a href=\"http:\/\/agenciabrasil.ebc.com.br\/geral\/noticia\/2020-09\/governo-libera-entrada-de-estrangeiros-em-todos-os-aeroportos-do-pais\" target=\"_blank\" rel=\"noreferrer noopener\">liberada<\/a>&nbsp;desde o dia 25 de setembro e, na semana passada, o governo flexibilizou ainda mais o tr\u00e2nsito por a\u00e9reo, retirando exig\u00eancias.<\/p>\n\n\n\n<p>Desde que os&nbsp;<a href=\"http:\/\/agenciabrasil.ebc.com.br\/saude\/noticia\/2020-03\/governo-restringe-entrada-de-estrangeiros-por-voos-internacionais\" target=\"_blank\" rel=\"noreferrer noopener\">voos internacionais e a entrada de estrangeiros<\/a>&nbsp;por outras vias foram restringidos em mar\u00e7o, em raz\u00e3o da pandemia do novo coronav\u00edrus, o governo vem avaliando, m\u00eas a m\u00eas, as medidas que devem ser mantidas.<\/p>\n\n\n\n<p>A portaria conjunta, assinada pela Casa Civil e pelos minist\u00e9rios da Sa\u00fade, Infraestrutura, Justi\u00e7a e Seguran\u00e7a P\u00fablica, autoriza, excepcionalmente, o tr\u00e2nsito de estrangeiro que estiver em pa\u00eds de fronteira terrestre com o Brasil e precisar atravess\u00e1-la para embarcar em voo de retorno a seu pa\u00eds de resid\u00eancia. Nesse caso, ele deve entrar com autoriza\u00e7\u00e3o da Pol\u00edcia Federal e dirigir-se diretamente ao aeroporto. Para isso, dever\u00e1 ser apresentada demanda oficial da embaixada ou do consulado do seu pa\u00eds e os bilhetes a\u00e9reos correspondentes.<\/p>\n\n\n\n<h2 class=\"wp-block-heading\">Regras<\/h2>\n\n\n\n<p>Nenhuma das restri\u00e7\u00f5es se aplica a brasileiros natos ou naturalizados. As outras exce\u00e7\u00f5es s\u00e3o para imigrante com resid\u00eancia de car\u00e1ter definitivo, por prazo determinado ou indeterminado, no territ\u00f3rio brasileiro; profissional estrangeiro em miss\u00e3o a servi\u00e7o de organismo internacional, desde que devidamente identificado; funcion\u00e1rio estrangeiro acreditado junto ao governo brasileiro; estrangeiro que seja c\u00f4njuge, companheiro, filho, pai ou curador de brasileiro ou cujo ingresso seja autorizado especificamente pelo governo brasileiro em vista do interesse p\u00fablico ou por quest\u00f5es humanit\u00e1rias; e portador de Registro Nacional Migrat\u00f3rio.<\/p>\n\n\n\n<p>Tamb\u00e9m est\u00e1 liberado o transporte de cargas, o transbordo de tripula\u00e7\u00e3o mar\u00edtima, o tr\u00e1fego de residentes fronteiri\u00e7os em cidades-g\u00eameas e as a\u00e7\u00f5es humanit\u00e1rias transfronteiri\u00e7as previamente autorizadas pelas autoridades sanit\u00e1rias locais. Algumas das exce\u00e7\u00f5es n\u00e3o se aplicam \u00e0 fronteira e a estrangeiros da Venezuela.<\/p>\n\n\n\n<p>Edi\u00e7\u00e3o: Kleber Sampaio<\/p>\n","protected":false},"excerpt":{"rendered":"<p>Por Andreia Verd\u00e9lio \u2013 Rep\u00f3rter da Ag\u00eancia Brasil &#8211; Bras\u00edlia A Ponte da Amizade, principal<\/p>\n","protected":false},"author":2,"featured_media":2812,"comment_status":"open","ping_status":"open","sticky":false,"template":"","format":"standard","meta":{"footnotes":""},"categories":[14],"tags":[],"class_list":["post-2811","post","type-post","status-publish","format-standard","has-post-thumbnail","hentry","category-pais"],"_links":{"self":[{"href":"https:\/\/tvc16.com\/portal\/wp-json\/wp\/v2\/posts\/2811","targetHints":{"allow":["GET"]}}],"collection":[{"href":"https:\/\/tvc16.com\/portal\/wp-json\/wp\/v2\/posts"}],"about":[{"href":"https:\/\/tvc16.com\/portal\/wp-json\/wp\/v2\/types\/post"}],"author":[{"embeddable":true,"href":"https:\/\/tvc16.com\/portal\/wp-json\/wp\/v2\/users\/2"}],"replies":[{"embeddable":true,"href":"https:\/\/tvc16.com\/portal\/wp-json\/wp\/v2\/comments?post=2811"}],"version-history":[{"count":1,"href":"https:\/\/tvc16.com\/portal\/wp-json\/wp\/v2\/posts\/2811\/revisions"}],"predecessor-version":[{"id":2813,"href":"https:\/\/tvc16.com\/portal\/wp-json\/wp\/v2\/posts\/2811\/revisions\/2813"}],"wp:featuredmedia":[{"embeddable":true,"href":"https:\/\/tvc16.com\/portal\/wp-json\/wp\/v2\/media\/2812"}],"wp:attachment":[{"href":"https:\/\/tvc16.com\/portal\/wp-json\/wp\/v2\/media?parent=2811"}],"wp:term":[{"taxonomy":"category","embeddable":true,"href":"https:\/\/tvc16.com\/portal\/wp-json\/wp\/v2\/categories?post=2811"},{"taxonomy":"post_tag","embeddable":true,"href":"https:\/\/tvc16.com\/portal\/wp-json\/wp\/v2\/tags?post=2811"}],"curies":[{"name":"wp","href":"https:\/\/api.w.org\/{rel}","templated":true}]}}