{"id":2814,"date":"2020-10-15T16:25:41","date_gmt":"2020-10-15T16:25:41","guid":{"rendered":"https:\/\/tvc16.com\/portal\/?p=2814"},"modified":"2020-10-15T16:25:41","modified_gmt":"2020-10-15T16:25:41","slug":"dia-mundial-chama-atencao-para-importancia-de-lavar-as-maos","status":"publish","type":"post","link":"https:\/\/tvc16.com\/portal\/2020\/10\/15\/dia-mundial-chama-atencao-para-importancia-de-lavar-as-maos\/","title":{"rendered":"Dia mundial chama aten\u00e7\u00e3o para import\u00e2ncia de lavar as m\u00e3os"},"content":{"rendered":"\n<p>Pr\u00e1tica ganhou notoriedade na luta contra covid-19<\/p>\n\n\n\n<h4 class=\"wp-block-heading\">Por Jonas Valente \u2013 Rep\u00f3rter Ag\u00eancia Brasil &#8211; Bras\u00edlia<\/h4>\n\n\n\n<p>Um ato t\u00e3o simples e corriqueiro se tornou uma das maiores armas contra a pandemia que assola o mundo. A pr\u00e1tica de lavar as m\u00e3os ganhou notoriedade na luta contra a covid-19 como uma atitude fundamental para a higieniza\u00e7\u00e3o e o combate \u00e0 transmiss\u00e3o do v\u00edrus.<img decoding=\"async\" src=\"https:\/\/agenciabrasil.ebc.com.br\/ebc.png?id=1390643&amp;o=node\"><img decoding=\"async\" src=\"https:\/\/agenciabrasil.ebc.com.br\/ebc.gif?id=1390643&amp;o=node\"><\/p>\n\n\n\n<p>Mas a import\u00e2ncia da lavagem das m\u00e3os vem de antes do in\u00edcio da pandemia e est\u00e1 relacionada a v\u00e1rias outras doen\u00e7as. Por isso, no dia 15 de outubro \u00e9 comemorado o Dia Mundial da Lavagem de M\u00e3os. A data visa chamar a aten\u00e7\u00e3o para essa atitude cotidiana em sua contribui\u00e7\u00e3o para evitar a contamina\u00e7\u00e3o e a infe\u00e7\u00e3o das pessoas. Neste ano o tema \u00e9 \u201cHigiene nas m\u00e3os para todos\u201d.<\/p>\n\n\n\n<p>Nos esfor\u00e7os contra a pandemia do novo coronav\u00edrus, a pr\u00e1tica foi objeto de normas e campanhas promocionais. A Organiza\u00e7\u00e3o Mundial de Sa\u00fade (OMS) lan\u00e7ou uma campanha com o tema \u201cSalve vidas: lave as m\u00e3os\u201d. A entidade divulgou um \u201cdesafio\u201d nas redes sociais convidando indiv\u00edduos a publicarem v\u00eddeos mostrando situa\u00e7\u00f5es em que est\u00e3o higienizando as m\u00e3os.<\/p>\n\n\n\n<p>A OMS tem em seu site na internet imagens que indicam as formas adequadas de lavar as m\u00e3os (https:\/\/www.who.int\/gpsc\/clean_hands_protection\/en\/). O sab\u00e3o deve ser aplicado nas palmas. \u00c9 recomendado esfregar as m\u00e3os entremeando os dedos. Outro movimento importante \u00e9 de n\u00e3o esquecer de utilizar a palma da m\u00e3o fechada para limpar os polegares.<\/p>\n\n\n\n<h2 class=\"wp-block-heading\">Pesquisa<\/h2>\n\n\n\n<p>Um estudo da marca de produtos de sa\u00fade Tork concluiu que 75% dos entrevistados est\u00e1 lavando mais as m\u00e3os ap\u00f3s o in\u00edcio da pandemia. Mas, entre os consultados, 77% relataram realizar o procedimento para proteger a si mesmos e n\u00e3o a partir de uma preocupa\u00e7\u00e3o em evitar problemas de sa\u00fade tamb\u00e9m para outras pessoas.<\/p>\n\n\n\n<p>Das pessoas que participaram do estudo, 78% afirmaram lavar as m\u00e3os ap\u00f3s voltar de um local p\u00fablico, mas apenas 38% declararam fazer isso antes de sair de casa para um local onde h\u00e1 circula\u00e7\u00e3o de pessoas.<\/p>\n\n\n\n<h2 class=\"wp-block-heading\">Redu\u00e7\u00e3o de doen\u00e7as<\/h2>\n\n\n\n<p>De acordo com os organizadores do dia mundial, a pr\u00e1tica pode reduzir doen\u00e7as relacionadas \u00e0 diarreia entre 30% e 40% e infec\u00e7\u00f5es respirat\u00f3rias em at\u00e9 20%. Al\u00e9m disso, auxilia no combate \u00e0 transmiss\u00e3o de doen\u00e7as como &nbsp;c\u00f3lera e hepatite E.<\/p>\n\n\n\n<p>Contudo, ainda h\u00e1 40% da popula\u00e7\u00e3o sem acesso \u00e0 infraestrutura para lavar as m\u00e3os. Enquanto nos pa\u00edses mais ricos este \u00edndice chega perto da universaliza\u00e7\u00e3o, nos mais pobres ele fica em 28%. E, entre os que possuem, em 47% dos casos a estrutura \u00e9 fixa.<\/p>\n\n\n\n<figure class=\"wp-block-image\"><img decoding=\"async\" src=\"https:\/\/imagens.ebc.com.br\/YynnZWsIiEmBlO4qq-zk5DeUWo4=\/754x0\/smart\/https:\/\/agenciabrasil.ebc.com.br\/sites\/default\/files\/thumbnails\/image\/pzzb2048.jpg?itok=c-NQZAOb\" alt=\"Minist\u00e9rio da Sa\u00fade instala pia na entrada do pr\u00e9dio para incentivar as pessoas a higienizarem as suas m\u00e3os\" title=\"Fabio Rodrigues-Pozzebom\/Ag\u00eancia Brasil\"\/><\/figure>\n\n\n\n<h6 class=\"wp-block-heading\">Minist\u00e9rio da Sa\u00fade instala pia na entrada do pr\u00e9dio para incentivar as pessoas a higienizarem as suas m\u00e3os &#8211;&nbsp;<strong>Fabio Rodrigues-Pozzebom\/Ag\u00eancia Brasil<\/strong><\/h6>\n\n\n\n<h2 class=\"wp-block-heading\">Brasil<\/h2>\n\n\n\n<p>Assim como nas orienta\u00e7\u00f5es da OMS, as autoridades de sa\u00fade do Brasil tamb\u00e9m adotaram a lavagem de m\u00e3os como estrat\u00e9gia fundamental contra a covid-19. O Minist\u00e9rio da Sa\u00fade recomenda a pr\u00e1tica como uma forma de evitar a transmiss\u00e3o do novo coronav\u00edrus. Nas diretrizes, \u00e9 admitida tanta a lavagem com \u00e1gua e sab\u00e3o quanto a higieniza\u00e7\u00e3o com \u00e1lcool em gel 70%.<\/p>\n\n\n\n<p>No Guia de Vigil\u00e2ncia Epidemiol\u00f3gica: Emerg\u00eancia de Sa\u00fade P\u00fablica de Import\u00e2ncia Nacional pela Doen\u00e7a pelo Coronav\u00edrus 2019, publicado pelo minist\u00e9rio em agosto deste ano, consta que a higieniza\u00e7\u00e3o de m\u00e3os \u00e9 a \u201cmedida mais efetiva na redu\u00e7\u00e3o da dissemina\u00e7\u00e3o de doen\u00e7as de transmiss\u00e3o respirat\u00f3ria\u201d.<\/p>\n\n\n\n<p>\u201cAs evid\u00eancias atuais indicam que o v\u00edrus causador da covid-19 \u00e9 transmitido por meio de got\u00edculas respirat\u00f3rias ou por contato. A transmiss\u00e3o por contato ocorre quando as m\u00e3os contaminadas tocam a mucosa da boca, do nariz ou dos olhos. O v\u00edrus tamb\u00e9m pode ser transferido de uma superf\u00edcie para outra por meio das m\u00e3os contaminadas, o que facilita a transmiss\u00e3o por contato indireto\u201d, explica o documento.<\/p>\n\n\n\n<p>No protocolo do Minist\u00e9rio da Sa\u00fade para a retomada das aulas, a higieniza\u00e7\u00e3o das m\u00e3os \u00e9 indicada como uma das medidas individuais de prote\u00e7\u00e3o recomendadas aos alunos e profissionais da educa\u00e7\u00e3o. O procedimento deve abarcar at\u00e9 a altura dos punhos e a subst\u00e2ncia higienizadora pode ser \u00e1gua e sab\u00e3o ou \u00e1lcool em gel 70%.<\/p>\n\n\n\n<p>Em seus protocolos, governos estaduais tamb\u00e9m colocam a higieniza\u00e7\u00e3o como cuidado necess\u00e1rio. Naquelas atividades que permaneceram abertas ou que foram retomadas ap\u00f3s algum tempo, a lavagem de m\u00e3os ou a higieniza\u00e7\u00e3o com \u00e1lcool em gel 70% s\u00e3o elencadas como obriga\u00e7\u00e3o para \u00f3rg\u00e3os p\u00fablicos, com\u00e9rcios e espa\u00e7os com circula\u00e7\u00e3o de pessoas.<\/p>\n\n\n\n<p>Edi\u00e7\u00e3o: F\u00e1bio Massalli<\/p>\n","protected":false},"excerpt":{"rendered":"<p>Pr\u00e1tica ganhou notoriedade na luta contra covid-19 Por Jonas Valente \u2013 Rep\u00f3rter Ag\u00eancia Brasil &#8211;<\/p>\n","protected":false},"author":2,"featured_media":2815,"comment_status":"open","ping_status":"open","sticky":false,"template":"","format":"standard","meta":{"footnotes":""},"categories":[13],"tags":[],"class_list":["post-2814","post","type-post","status-publish","format-standard","has-post-thumbnail","hentry","category-saude"],"_links":{"self":[{"href":"https:\/\/tvc16.com\/portal\/wp-json\/wp\/v2\/posts\/2814","targetHints":{"allow":["GET"]}}],"collection":[{"href":"https:\/\/tvc16.com\/portal\/wp-json\/wp\/v2\/posts"}],"about":[{"href":"https:\/\/tvc16.com\/portal\/wp-json\/wp\/v2\/types\/post"}],"author":[{"embeddable":true,"href":"https:\/\/tvc16.com\/portal\/wp-json\/wp\/v2\/users\/2"}],"replies":[{"embeddable":true,"href":"https:\/\/tvc16.com\/portal\/wp-json\/wp\/v2\/comments?post=2814"}],"version-history":[{"count":1,"href":"https:\/\/tvc16.com\/portal\/wp-json\/wp\/v2\/posts\/2814\/revisions"}],"predecessor-version":[{"id":2816,"href":"https:\/\/tvc16.com\/portal\/wp-json\/wp\/v2\/posts\/2814\/revisions\/2816"}],"wp:featuredmedia":[{"embeddable":true,"href":"https:\/\/tvc16.com\/portal\/wp-json\/wp\/v2\/media\/2815"}],"wp:attachment":[{"href":"https:\/\/tvc16.com\/portal\/wp-json\/wp\/v2\/media?parent=2814"}],"wp:term":[{"taxonomy":"category","embeddable":true,"href":"https:\/\/tvc16.com\/portal\/wp-json\/wp\/v2\/categories?post=2814"},{"taxonomy":"post_tag","embeddable":true,"href":"https:\/\/tvc16.com\/portal\/wp-json\/wp\/v2\/tags?post=2814"}],"curies":[{"name":"wp","href":"https:\/\/api.w.org\/{rel}","templated":true}]}}