{"id":282,"date":"2020-09-11T00:44:17","date_gmt":"2020-09-11T00:44:17","guid":{"rendered":"https:\/\/tvc16.com\/portal\/?p=282"},"modified":"2020-09-11T00:44:17","modified_gmt":"2020-09-11T00:44:17","slug":"governo-cria-grupo-para-coordenar-vacinacao-contra-covid-19resolucao-foi-publicada-hoje-no-diario-oficial","status":"publish","type":"post","link":"https:\/\/tvc16.com\/portal\/2020\/09\/11\/governo-cria-grupo-para-coordenar-vacinacao-contra-covid-19resolucao-foi-publicada-hoje-no-diario-oficial\/","title":{"rendered":"Governo cria grupo para coordenar vacina\u00e7\u00e3o contra covid-19<br>Resolu\u00e7\u00e3o foi publicada hoje no Di\u00e1rio Oficial&nbsp;"},"content":{"rendered":"<p>O governo federal instituiu um grupo de trabalho interministerial para coordenar a aquisi\u00e7\u00e3o e a distribui\u00e7\u00e3o de vacinas \u201ccom qualidade, efic\u00e1cia e seguran\u00e7a comprovadas\u201d contra o novo coronav\u00edrus. A resolu\u00e7\u00e3o do comit\u00ea de crise da Presid\u00eancia da Rep\u00fablica&nbsp;foi publicada&nbsp;hoje&nbsp;(10) no Di\u00e1rio Oficial da Uni\u00e3o.<br \/>\nSob coordena\u00e7\u00e3o do Minist\u00e9rio da Sa\u00fade, o grupo dever\u00e1 colaborar no planejamento da estrat\u00e9gia nacional de imuniza\u00e7\u00e3o volunt\u00e1ria contra a covid-19 e ter\u00e1 dura\u00e7\u00e3o de at\u00e9 noventa dias, podendo ser prorrogado por igual per\u00edodo.<br \/>\nDezenove pessoas far\u00e3o parte do grupo: tr\u00eas da Casa Civil; um do Minist\u00e9rio da Defesa; tr\u00eas do Minist\u00e9rio das Rela\u00e7\u00f5es Exteriores; um do Minist\u00e9rio da Economia; quatro do Minist\u00e9rio da Sa\u00fade; um do Minist\u00e9rio da Ci\u00eancia, Tecnologia e Inova\u00e7\u00f5es; um da Controladoria-Geral da Uni\u00e3o; um do Minist\u00e9rio da Mulher, da Fam\u00edlia e dos Direitos Humanos; um da Subchefia para Assuntos Jur\u00eddicos da Secretaria-Geral da Presid\u00eancia; dois da Secretaria de Governo; e um da Ag\u00eancia Nacional de Vigil\u00e2ncia Sanit\u00e1ria (Anvisa).<br \/>\nAtualmente, quatro estudos de vacinas contra o novo coronav\u00edrus est\u00e3o sendo realizados no Brasil. Em junho, a Anvisa autorizou o&nbsp;ensaio cl\u00ednico da vacina desenvolvida pela empresa AstraZeneca e pela Universidade de Oxford, do Reino Unido; no dia&nbsp;3 de julho, o da&nbsp;vacina desenvolvida pela Sinovac Biotech, da China, em parceria com o Instituto Butantan; no dia&nbsp;21 de julho, o das&nbsp;vacinas desenvolvidas pela BioNTech, da Alemanha, e Wyeth\/Pfizer, dos Estados Unidos; e no m\u00eas passado, o da&nbsp;vacina da Jansen-Cilag, unidade farmac\u00eautica da Johnson &amp; Johnson.<br \/>\nNesta semana, entretanto, a AstraZeneca&nbsp;suspendeu os testes globais de sua candidata a vacina&nbsp;ap\u00f3s um dos volunt\u00e1rios, no Reino Unidos, apresentar sintomas adversos. Essa vacina \u00e9 uma das&nbsp;principais apostas do governo brasileiro&nbsp;para a imuniza\u00e7\u00e3o contra a covid-19 no pa\u00eds.<br \/>\nAndreia Verd\u00e9lio \u2013 Rep\u00f3rter da Ag\u00eancia Brasil &#8211; Bras\u00edlia<\/p>\n","protected":false},"excerpt":{"rendered":"<p>O governo federal instituiu um grupo de trabalho interministerial para coordenar a aquisi\u00e7\u00e3o e a<\/p>\n","protected":false},"author":1,"featured_media":283,"comment_status":"open","ping_status":"open","sticky":false,"template":"","format":"standard","meta":{"footnotes":""},"categories":[13],"tags":[],"class_list":["post-282","post","type-post","status-publish","format-standard","has-post-thumbnail","hentry","category-saude"],"_links":{"self":[{"href":"https:\/\/tvc16.com\/portal\/wp-json\/wp\/v2\/posts\/282","targetHints":{"allow":["GET"]}}],"collection":[{"href":"https:\/\/tvc16.com\/portal\/wp-json\/wp\/v2\/posts"}],"about":[{"href":"https:\/\/tvc16.com\/portal\/wp-json\/wp\/v2\/types\/post"}],"author":[{"embeddable":true,"href":"https:\/\/tvc16.com\/portal\/wp-json\/wp\/v2\/users\/1"}],"replies":[{"embeddable":true,"href":"https:\/\/tvc16.com\/portal\/wp-json\/wp\/v2\/comments?post=282"}],"version-history":[{"count":1,"href":"https:\/\/tvc16.com\/portal\/wp-json\/wp\/v2\/posts\/282\/revisions"}],"predecessor-version":[{"id":284,"href":"https:\/\/tvc16.com\/portal\/wp-json\/wp\/v2\/posts\/282\/revisions\/284"}],"wp:featuredmedia":[{"embeddable":true,"href":"https:\/\/tvc16.com\/portal\/wp-json\/wp\/v2\/media\/283"}],"wp:attachment":[{"href":"https:\/\/tvc16.com\/portal\/wp-json\/wp\/v2\/media?parent=282"}],"wp:term":[{"taxonomy":"category","embeddable":true,"href":"https:\/\/tvc16.com\/portal\/wp-json\/wp\/v2\/categories?post=282"},{"taxonomy":"post_tag","embeddable":true,"href":"https:\/\/tvc16.com\/portal\/wp-json\/wp\/v2\/tags?post=282"}],"curies":[{"name":"wp","href":"https:\/\/api.w.org\/{rel}","templated":true}]}}