{"id":2820,"date":"2020-10-15T16:29:16","date_gmt":"2020-10-15T16:29:16","guid":{"rendered":"https:\/\/tvc16.com\/portal\/?p=2820"},"modified":"2020-10-15T16:29:16","modified_gmt":"2020-10-15T16:29:16","slug":"pinacoteca-reabre-hoje-com-exposicao-de-dupla-de-artistas-brasileiros","status":"publish","type":"post","link":"https:\/\/tvc16.com\/portal\/2020\/10\/15\/pinacoteca-reabre-hoje-com-exposicao-de-dupla-de-artistas-brasileiros\/","title":{"rendered":"Pinacoteca reabre hoje com exposi\u00e7\u00e3o de dupla de artistas brasileiros"},"content":{"rendered":"\n<h3 class=\"wp-block-heading\">OS GEMEOS: Segredos, de Ot\u00e1vio e Gustavo Pandolfo, abre a mostra<\/h3>\n\n\n\n<h4 class=\"wp-block-heading\">Por Elaine Patricia Cruz \u2013 Rep\u00f3rter da Ag\u00eancia Brasil &#8211; S\u00e3o Paulo<\/h4>\n\n\n\n<p>Fechada desde mar\u00e7o deste ano por causa da pandemia do novo coronav\u00edrus, a Pinacoteca de S\u00e3o Paulo reabre nesta&nbsp;quinta-feira (15) com a exposi\u00e7\u00e3o OSGEMEOS: Segredos. \u00c9 a primeira exposi\u00e7\u00e3o panor\u00e2mica da dupla de artistas brasileiros formada pelos irm\u00e3os Ot\u00e1vio e Gustavo Pandolfo.<img decoding=\"async\" src=\"https:\/\/agenciabrasil.ebc.com.br\/ebc.png?id=1390678&amp;o=node\"><img decoding=\"async\" src=\"https:\/\/agenciabrasil.ebc.com.br\/ebc.gif?id=1390678&amp;o=node\"><\/p>\n\n\n\n<p>A mostra apresenta 60 trabalhos da dupla, 50 deles in\u00e9ditos ou nunca exibidos no Brasil, e mais de 100 itens. OSGEMEOS s\u00e3o conhecidos por estampar espa\u00e7os p\u00fablicos em diversos pa\u00edses do mundo. Seus grafites, com os personagens amarelos, est\u00e3o espalhados pelo Brasil, Su\u00e9cia, Alemanha, Portugal, Austr\u00e1lia e Cuba. Suas obras foram destaque nos tel\u00f5es eletr\u00f4nicos da Times Square, em Nova York, e na fachada da Tate Modern, em Londres, no Reino Unido. Mas eles tamb\u00e9m j\u00e1 participaram de mostras internacionais na Alemanha, Canad\u00e1, Jap\u00e3o, It\u00e1lia e no Reino Unido.<\/p>\n\n\n\n<p>A carreira da dupla come\u00e7ou na d\u00e9cada de 80, com a chegada da cultura&nbsp;<em>hip hop<\/em>&nbsp;no pa\u00eds. Os&nbsp;trabalhos contam hist\u00f3rias que envolvem fantasia, rela\u00e7\u00f5es afetivas, questionamentos, sonhos e experi\u00eancias de vida. A partir da d\u00e9cada de 90, suas experimenta\u00e7\u00f5es \u2013 n\u00e3o s\u00f3 em&nbsp;grafite, mas tamb\u00e9m pintura em telas e esculturas est\u00e1ticas e cin\u00e9ticas \u2013 ultrapassaram os limites bidimensionais, culminando na constru\u00e7\u00e3o de um universo pr\u00f3prio que opera entre o sonho e a realidade.<\/p>\n\n\n\n<p>Na Pinacoteca, o duo vai apresentar pinturas, instala\u00e7\u00f5es imersivas e sonoras, esculturas, interven\u00e7\u00f5es, desenhos e cadernos de anota\u00e7\u00f5es. As obras ocupam as sete salas de exposi\u00e7\u00f5es tempor\u00e1rias do primeiro andar, al\u00e9m de um dos p\u00e1tios e do Oct\u00f3gano, onde foi concebida uma instala\u00e7\u00e3o especialmente para o espa\u00e7o. Al\u00e9m disso, o tradicional letreiro na fachada, com o nome da institui\u00e7\u00e3o, vai ser substitu\u00eddo temporariamente por um luminoso desenhado especialmente pela dupla.<\/p>\n\n\n\n<p>A exposi\u00e7\u00e3o vai at\u00e9 22 de fevereiro&nbsp;de 2021 e tem entrada gratuita at\u00e9 o dia&nbsp;23 de outubro. Para isso, no entanto, \u00e9 necess\u00e1rio marcar data e hor\u00e1rio de visita pelo&nbsp;<a href=\"http:\/\/www.pinacoteca.org.br\/\" target=\"_blank\" rel=\"noreferrer noopener\"><em>site&nbsp;<\/em>do museu<\/a>.&nbsp;A bilheteria f\u00edsica da Pinacoteca permanecer\u00e1 fechada neste per\u00edodo da exposi\u00e7\u00e3o. Por isso, os ingressos s\u00f3 podem ser adquiridos com anteced\u00eancia pela internet.<\/p>\n\n\n\n<h2 class=\"wp-block-heading\">Protocolo de acesso<\/h2>\n\n\n\n<p>Para entrar na Pinacoteca, o visitante&nbsp;ter\u00e1 a sua temperatura aferida. Quem estiver com temperatura superior a 37,2o&nbsp;C ou tiver sintomas de gripe ou resfriado n\u00e3o poder\u00e1 entrar. O uso de m\u00e1scara ser\u00e1 obrigat\u00f3rio. N\u00e3o ser\u00e1 permitida a retirada de m\u00e1scaras, nem mesmo para&nbsp;<em>selfies<\/em>&nbsp;ou fotografias. A exposi\u00e7\u00e3o&nbsp;ter\u00e1 tamb\u00e9m indica\u00e7\u00e3o de sentido de circula\u00e7\u00e3o. O museu vai funcionar em hor\u00e1rio reduzido, das 14h as 20h. O tempo de perman\u00eancia no pr\u00e9dio ser\u00e1 de, no m\u00e1ximo, uma hora.<\/p>\n\n\n\n<p>Edi\u00e7\u00e3o: Gra\u00e7a Adjuto<\/p>\n","protected":false},"excerpt":{"rendered":"<p>OS GEMEOS: Segredos, de Ot\u00e1vio e Gustavo Pandolfo, abre a mostra Por Elaine Patricia Cruz<\/p>\n","protected":false},"author":2,"featured_media":2821,"comment_status":"open","ping_status":"open","sticky":false,"template":"","format":"standard","meta":{"footnotes":""},"categories":[21],"tags":[],"class_list":["post-2820","post","type-post","status-publish","format-standard","has-post-thumbnail","hentry","category-cultura"],"_links":{"self":[{"href":"https:\/\/tvc16.com\/portal\/wp-json\/wp\/v2\/posts\/2820","targetHints":{"allow":["GET"]}}],"collection":[{"href":"https:\/\/tvc16.com\/portal\/wp-json\/wp\/v2\/posts"}],"about":[{"href":"https:\/\/tvc16.com\/portal\/wp-json\/wp\/v2\/types\/post"}],"author":[{"embeddable":true,"href":"https:\/\/tvc16.com\/portal\/wp-json\/wp\/v2\/users\/2"}],"replies":[{"embeddable":true,"href":"https:\/\/tvc16.com\/portal\/wp-json\/wp\/v2\/comments?post=2820"}],"version-history":[{"count":1,"href":"https:\/\/tvc16.com\/portal\/wp-json\/wp\/v2\/posts\/2820\/revisions"}],"predecessor-version":[{"id":2822,"href":"https:\/\/tvc16.com\/portal\/wp-json\/wp\/v2\/posts\/2820\/revisions\/2822"}],"wp:featuredmedia":[{"embeddable":true,"href":"https:\/\/tvc16.com\/portal\/wp-json\/wp\/v2\/media\/2821"}],"wp:attachment":[{"href":"https:\/\/tvc16.com\/portal\/wp-json\/wp\/v2\/media?parent=2820"}],"wp:term":[{"taxonomy":"category","embeddable":true,"href":"https:\/\/tvc16.com\/portal\/wp-json\/wp\/v2\/categories?post=2820"},{"taxonomy":"post_tag","embeddable":true,"href":"https:\/\/tvc16.com\/portal\/wp-json\/wp\/v2\/tags?post=2820"}],"curies":[{"name":"wp","href":"https:\/\/api.w.org\/{rel}","templated":true}]}}