{"id":2823,"date":"2020-10-15T16:31:09","date_gmt":"2020-10-15T16:31:09","guid":{"rendered":"https:\/\/tvc16.com\/portal\/?p=2823"},"modified":"2020-10-15T16:31:09","modified_gmt":"2020-10-15T16:31:09","slug":"feira-artrio-ocorre-pela-1a-vez-em-formatos-presencial-e-online","status":"publish","type":"post","link":"https:\/\/tvc16.com\/portal\/2020\/10\/15\/feira-artrio-ocorre-pela-1a-vez-em-formatos-presencial-e-online\/","title":{"rendered":"Feira ArtRio ocorre pela 1\u00aa vez em formatos presencial e online"},"content":{"rendered":"\n<p>Programa\u00e7\u00e3o inclui palestras, visitas guiadas e performances<\/p>\n\n\n\n<h4 class=\"wp-block-heading\">Por Alana Gandra &#8211; Rep\u00f3rter da Ag\u00eancia Brasil &#8211; Rio de Janeiro<\/h4>\n\n\n\n<p>At\u00e9 o pr\u00f3ximo dia 18, a d\u00e9cima edi\u00e7\u00e3o da feira de artes pl\u00e1sticas ArtRio estar\u00e1 funcionando na Marina da Gl\u00f3ria, no Aterro do Flamengo, no Rio de Janeiro, em sua vers\u00e3o presencial, mas tamb\u00e9m oferecendo ao p\u00fablico uma programa\u00e7\u00e3o&nbsp;<em>online<\/em>, em fun\u00e7\u00e3o da pandemia do novo coronav\u00edrus. A&nbsp;<a href=\"http:\/\/www.artrio.com\/\" target=\"_blank\" rel=\"noreferrer noopener\">programa\u00e7\u00e3o<\/a>&nbsp;inclui palestras, conversas, visitas guiadas e performances em plataforma especial (www.artrio.com), e se estender\u00e1 at\u00e9&nbsp;o dia 25 deste m\u00eas.<img decoding=\"async\" src=\"https:\/\/agenciabrasil.ebc.com.br\/ebc.png?id=1390679&amp;o=node\"><img decoding=\"async\" src=\"https:\/\/agenciabrasil.ebc.com.br\/ebc.gif?id=1390679&amp;o=node\"><\/p>\n\n\n\n<p>A presidente da ArtRio, Brenda Valansi, afirmou que com a&nbsp;visita\u00e7\u00e3o e a amplia\u00e7\u00e3o da plataforma&nbsp;<em>online<\/em>, a mostra \u00e9 diferente. \u201cMas, em conte\u00fado art\u00edstico, as galerias presentes, ela est\u00e1 bem similar\u201d. No Pavilh\u00e3o da Marina da Gl\u00f3ria, ser\u00e3o 50 expositores, al\u00e9m do projeto de v\u00eddeoarte Mira, de Pedro \u00c9vora e Pedro Rivera (Rua Arquitetos), com curadoria de Victor Gorgulho, que funciona em \u00e1rea externa, no Pavilh\u00e3o ArtRio 2020, no mesmo local. Na edi\u00e7\u00e3o virtual, o n\u00famero de galerias cresce para 72.<\/p>\n\n\n\n<p>\u201cEu acredito muito nessa dobradinha do f\u00edsico e do&nbsp;<em>online<\/em>. Por isso, insisti tanto em fazer esse evento e gra\u00e7as a Deus ele est\u00e1 acontecendo, porque as vantagens do online s\u00e3o enormes, mas a arte presencialmente n\u00e3o tem compara\u00e7\u00e3o\u201d, disse Brenda.<\/p>\n\n\n\n<h2 class=\"wp-block-heading\">Democratiza\u00e7\u00e3o<\/h2>\n\n\n\n<p>Segundo a presidente, um dos grandes valores da ArtRio \u00e9 a democratiza\u00e7\u00e3o da arte. Como a feira presencial reduziu o p\u00fablico para evitar aglomera\u00e7\u00f5es e, em consequ\u00eancia, impedir a dissemina\u00e7\u00e3o do novo coronav\u00edrus, o conte\u00fado da programa\u00e7\u00e3o virtual, com palestras de artistas nacionais e estrangeiros est\u00e1 sendo todo disponibilizado de forma gratuita e&nbsp;<em>online<\/em>. \u201cPara a gente n\u00e3o perder o nosso valor t\u00e3o forte, que \u00e9 a democratiza\u00e7\u00e3o da arte\u201d, refor\u00e7ou Brenda.<\/p>\n\n\n\n<figure class=\"wp-block-image\"><img decoding=\"async\" src=\"https:\/\/imagens.ebc.com.br\/1LtUPQ9seO9rBMpwQ-X6dZuewDc=\/754x0\/smart\/https:\/\/agenciabrasil.ebc.com.br\/sites\/default\/files\/thumbnails\/image\/_dsc4822.jpg?itok=lpkoN0cI\" alt=\"Abertura da 10\u00aa edi\u00e7\u00e3o da ArtRio, na Marina da Gl\u00f3ria, no Rio de Janeiro.\" title=\"Tomaz Silva\/Ag\u00eancia Brasil\"\/><\/figure>\n\n\n\n<p>Abertura da 10\u00aa edi\u00e7\u00e3o da ArtRio, na Marina da Gl\u00f3ria, no Rio de Janeiro. &#8211;&nbsp;<strong>Tomaz Silva\/Ag\u00eancia Brasil<\/strong><\/p>\n\n\n\n<p>Embora o p\u00fablico tenha sido reduzido na Marina da Gl\u00f3ria, Brenda Valansi afirmou que deseja reunir nas atra\u00e7\u00f5es pela internet o maior n\u00famero possivel de pessoas do Brasil e do exterior, que poder\u00e3o visitar as galerias de suas pr\u00f3prias casas. \u201cAl\u00e9m de&nbsp;ter&nbsp;as galerias com suas obras e seus artistas, ainda h\u00e1 uma s\u00e9rie de eventos em que elas podem estar&nbsp;<em>online<\/em>, mas com uma sensa\u00e7\u00e3o de mais troca do que apenas vendo a galeria e suas obras. H\u00e1 muitos v\u00eddeos, muita intera\u00e7\u00e3o\u201d.<\/p>\n\n\n\n<p>Na Marina, os visitantes t\u00eam duas horas para permanecer no pavilh\u00e3o visitando as galerias, a fim de evitar superlota\u00e7\u00e3o e atender a todos os crit\u00e9rios das autoridades sanit\u00e1rias, n\u00e3o pondo ningu\u00e9m em risco. Al\u00e9m do uso obrigat\u00f3rio de m\u00e1scara, h\u00e1 aferi\u00e7\u00e3o da temperatura e utiliza\u00e7\u00e3o de \u00e1lcool em gel. \u201cEst\u00e1 bacana ver todo mundo respeitando. Embora a lota\u00e7\u00e3o n\u00e3o seja a ambi\u00e7\u00e3o deste ano, o evento est\u00e1 com uma ocupa\u00e7\u00e3o bastante boa para o per\u00edodo que a gente est\u00e1 vivendo. Estou surpresa\u201d, comentou Brenda.<\/p>\n\n\n\n<p>A expectativa de p\u00fablico no presencial gira em torno de 450 pessoas nas lacunas de duas horas. Na \u00e1rea externa, com mais de 5 mil metros de extens\u00e3o, n\u00e3o h\u00e1 limita\u00e7\u00e3o de tempo para permanecer no local. Este ano ser\u00e1 diferente das edi\u00e7\u00f5es anteriores, quando a ArtRio atra\u00eda em torno de 50 mil pessoas. \u201cA gente n\u00e3o quer superlota\u00e7\u00e3o de forma nenhuma\u201d.<\/p>\n\n\n\n<p>As galerias participantes da ArtRio 2020 est\u00e3o divididas entre os programas Panorama, com atua\u00e7\u00e3o estabelecida no mercado de arte moderna e contempor\u00e2nea, e Vista, dedicado \u00e0s galerias jovens, com at\u00e9 dez anos de exist\u00eancia, contando com projetos expositivos desenvolvidos exclusivamente para a feira. Algumas galerias presentes s\u00e3o estrangeiras ou t\u00eam parcerias no Brasil. De Portugal, por exemplo, veio a Bordallo Pinheiro; da It\u00e1lia, a Cont\u00ednua, de San Gimignan; de Nova Iorque, do Rio&nbsp;de Janeiro&nbsp;e de S\u00e3o Paulo, a Galeria Nara Roesler.<\/p>\n\n\n\n<h2 class=\"wp-block-heading\">Venda&nbsp;<em>online<\/em><\/h2>\n\n\n\n<p>A ArtRio foi a primeira feira de arte do mundo a lan\u00e7ar, em 2018, um&nbsp;<em>marketplace<\/em>&nbsp;(com\u00e9rcio eletr\u00f4nico) para venda pela internet. Nesta d\u00e9cima edi\u00e7\u00e3o, a plataforma desenvolvida permite a conversa direta do p\u00fablico com os galeristas, al\u00e9m de canais de v\u00eddeo que facilitam visualizar detalhes das obras e negocia\u00e7\u00f5es.<\/p>\n\n\n\n<p>Ap\u00f3s o dia 25, quando se encerra a feira virtual, \u201ca gente volta com for\u00e7a total no&nbsp;<em>marketplace<\/em>, e as pessoas fazem a aquisi\u00e7\u00e3o das obras diretamente pelo&nbsp;<em>site<\/em>, disse Brenda Valansi.<\/p>\n\n\n\n<p>&nbsp;Somos a primeira feira do mundo que lan\u00e7ou essa novidade. Ent\u00e3o, estamos dois passos \u00e0 frente das feiras que se apresentaram depois, porque j\u00e1 t\u00ednhamos grande experi\u00eancia, uma plataforma pronta. N\u00e3o tive que correr para desenvolver, s\u00f3 aprimorei&#8221;.<\/p>\n\n\n\n<h2 class=\"wp-block-heading\">Visitas<\/h2>\n\n\n\n<figure class=\"wp-block-image\"><img decoding=\"async\" src=\"https:\/\/imagens.ebc.com.br\/ypdkvYB21pgAP34-Z-kud7y-1TU=\/754x0\/smart\/https:\/\/agenciabrasil.ebc.com.br\/sites\/default\/files\/thumbnails\/image\/_dsc4812.jpg?itok=K-Fhegey\" alt=\"Abertura da 10\u00aa edi\u00e7\u00e3o da ArtRio, na Marina da Gl\u00f3ria, no Rio de Janeiro.\" title=\"Tomaz Silva\/Ag\u00eancia Brasil\"\/><\/figure>\n\n\n\n<p>Abertura da 10\u00aa edi\u00e7\u00e3o da ArtRio, na Marina da Gl\u00f3ria, no Rio de Janeiro. &#8211;&nbsp;<strong>Tomaz Silva\/Ag\u00eancia Brasil<\/strong><\/p>\n\n\n\n<p>Nesta&nbsp;quinta-feira (15), \u00e0s 16h, a artista pl\u00e1stica Iole de Freitas e a curadora Fernanda Lopes conduzem visita virtual ao vivo pelo ateli\u00ea da escultora, gravadora e artista multim\u00eddia. Iole come\u00e7ou sua carreira na d\u00e9cada de 70 e atua no campo de arte contempor\u00e2nea. \u00c0s 19h, est\u00e1 previsto o evento<em>&nbsp;Repensando o Museu de Arte Moderna do Rio&nbsp;de Janeiro<\/em>&nbsp;(MAM Rio), com participa\u00e7\u00e3o dos novos diretores art\u00edsticos da institui\u00e7\u00e3o, Keyna Eleison e Pablo Lafuente, e seu diretor executivo, Fabio Schwarczwald. A media\u00e7\u00e3o ser\u00e1 de Maria Luz Bridger.<\/p>\n\n\n\n<p>No dia 20, \u00e0s 11h, haver\u00e1 conversa do artista e ativista chin\u00eas Ai Weiwei, nascido em Pequim e conhecido por suas obras sobre o social e o coletivo, com o curador Marcello Dantas, idealizador da exposi\u00e7\u00e3o<em>&nbsp;Ai Weiwei \u2013 Raiz<\/em>, a primeira do artista no pa\u00eds e a maior j\u00e1 realizada por ele. Os espa\u00e7os institucionais e a pandemia s\u00e3o temas de bate-papo no dia 21, \u00e0s 19h. No dia 22, tamb\u00e9m \u00e0s 19h, ser\u00e1 discutida a rela\u00e7\u00e3o entre colecionadores e a pandemia.<\/p>\n\n\n\n<p><em>Representatividade e suas lacunas \u2013LGBTQI+<\/em>&nbsp;abre os debates virtuais no dia 23, \u00e0s 14h. Nos dias 24 e&nbsp;25 de outubro, a grava\u00e7\u00e3o dos eventos estar\u00e1 dispon\u00edvel no&nbsp;<em>site<\/em>&nbsp;da ArtRio.<\/p>\n\n\n\n<h2 class=\"wp-block-heading\">Inaugura\u00e7\u00e3o<\/h2>\n\n\n\n<p>Uma novidade da edi\u00e7\u00e3o 2020 \u00e9 a inaugura\u00e7\u00e3o da Casa ArtRio, no bairro do Jardim Bot\u00e2nico, zona sul da cidade. Nesse espa\u00e7o, que ser\u00e1 permanente, com agenda ao longo de todo o ano, ser\u00e3o realizadas palestras, debates, conversas com artistas e curadores, al\u00e9m de exposi\u00e7\u00f5es especiais.<\/p>\n\n\n\n<p>Brenda Valansi salientou que a ArtRio visa&nbsp;\u00e0&nbsp;valoriza\u00e7\u00e3o da arte e da cultura e a aproxima\u00e7\u00e3o do p\u00fablico da arte. \u201c\u00c9 uma ideia virando objeto. \u00c9 a valoriza\u00e7\u00e3o da cultura porque, quando voc\u00ea compra uma obra de arte, na verdade voc\u00ea est\u00e1 financiando um artista, est\u00e1 financiado a produ\u00e7\u00e3o cultural do pa\u00eds. Ent\u00e3o, a ideia da ArtRio \u00e9 fomentar a cadeia toda que envolve esse setor, desde os pintores que estavam montando os estandes, at\u00e9 o artista que est\u00e1 vendendo a sua obra. \u00c9, realmente, um evento de est\u00edmulo.<\/p>\n\n\n\n<p>Edi\u00e7\u00e3o: Gra\u00e7a Adjuto<\/p>\n","protected":false},"excerpt":{"rendered":"<p>Programa\u00e7\u00e3o inclui palestras, visitas guiadas e performances Por Alana Gandra &#8211; Rep\u00f3rter da Ag\u00eancia Brasil<\/p>\n","protected":false},"author":2,"featured_media":2824,"comment_status":"open","ping_status":"open","sticky":false,"template":"","format":"standard","meta":{"footnotes":""},"categories":[21],"tags":[],"class_list":["post-2823","post","type-post","status-publish","format-standard","has-post-thumbnail","hentry","category-cultura"],"_links":{"self":[{"href":"https:\/\/tvc16.com\/portal\/wp-json\/wp\/v2\/posts\/2823","targetHints":{"allow":["GET"]}}],"collection":[{"href":"https:\/\/tvc16.com\/portal\/wp-json\/wp\/v2\/posts"}],"about":[{"href":"https:\/\/tvc16.com\/portal\/wp-json\/wp\/v2\/types\/post"}],"author":[{"embeddable":true,"href":"https:\/\/tvc16.com\/portal\/wp-json\/wp\/v2\/users\/2"}],"replies":[{"embeddable":true,"href":"https:\/\/tvc16.com\/portal\/wp-json\/wp\/v2\/comments?post=2823"}],"version-history":[{"count":1,"href":"https:\/\/tvc16.com\/portal\/wp-json\/wp\/v2\/posts\/2823\/revisions"}],"predecessor-version":[{"id":2825,"href":"https:\/\/tvc16.com\/portal\/wp-json\/wp\/v2\/posts\/2823\/revisions\/2825"}],"wp:featuredmedia":[{"embeddable":true,"href":"https:\/\/tvc16.com\/portal\/wp-json\/wp\/v2\/media\/2824"}],"wp:attachment":[{"href":"https:\/\/tvc16.com\/portal\/wp-json\/wp\/v2\/media?parent=2823"}],"wp:term":[{"taxonomy":"category","embeddable":true,"href":"https:\/\/tvc16.com\/portal\/wp-json\/wp\/v2\/categories?post=2823"},{"taxonomy":"post_tag","embeddable":true,"href":"https:\/\/tvc16.com\/portal\/wp-json\/wp\/v2\/tags?post=2823"}],"curies":[{"name":"wp","href":"https:\/\/api.w.org\/{rel}","templated":true}]}}