{"id":2826,"date":"2020-10-15T16:34:19","date_gmt":"2020-10-15T16:34:19","guid":{"rendered":"https:\/\/tvc16.com\/portal\/?p=2826"},"modified":"2020-10-15T16:34:19","modified_gmt":"2020-10-15T16:34:19","slug":"%f0%9d%90%81%f0%9d%90%9a%f0%9d%90%ad%f0%9d%90%9a%f0%9d%90%a2%f0%9d%90%a5%f0%9d%90%a5%f0%9d%90%9a%f0%9d%90%ab%f0%9d%90%9d-%f0%9d%90%ad%f0%9d%90%9e%f0%9d%90%a6-%f0%9d%90%a8%f0%9d%90%a9%f0%9d%90%9e","status":"publish","type":"post","link":"https:\/\/tvc16.com\/portal\/2020\/10\/15\/%f0%9d%90%81%f0%9d%90%9a%f0%9d%90%ad%f0%9d%90%9a%f0%9d%90%a2%f0%9d%90%a5%f0%9d%90%a5%f0%9d%90%9a%f0%9d%90%ab%f0%9d%90%9d-%f0%9d%90%ad%f0%9d%90%9e%f0%9d%90%a6-%f0%9d%90%a8%f0%9d%90%a9%f0%9d%90%9e\/","title":{"rendered":"\ud835\udc01\ud835\udc1a\ud835\udc2d\ud835\udc1a\ud835\udc22\ud835\udc25\ud835\udc25\ud835\udc1a\ud835\udc2b\ud835\udc1d \ud835\udc2d\ud835\udc1e\ud835\udc26 \ud835\udc28\ud835\udc29\ud835\udc1e\ud835\udc2b\ud835\udc1a\u00e7\u00e3\ud835\udc28 \ud835\udc1c\ud835\udc28\ud835\udc26\ud835\udc29\ud835\udc2b\ud835\udc28\ud835\udc26\ud835\udc1e\ud835\udc2d\ud835\udc22\ud835\udc1d\ud835\udc1a \ud835\udc29\ud835\udc28\ud835\udc2b \ud835\udc1e\ud835\udc2c\ud835\udc2d\ud835\udc1a\ud835\udc1c\ud835\udc22\ud835\udc28\ud835\udc27\ud835\udc1a\ud835\udc26\ud835\udc1e\ud835\udc27\ud835\udc2d\ud835\udc28 \ud835\udc22\ud835\udc2b\ud835\udc2b\ud835\udc1e\ud835\udc20\ud835\udc2e\ud835\udc25\ud835\udc1a\ud835\udc2b \ud835\udc27\ud835\udc1e\ud835\udc2c\ud835\udc2d\ud835\udc1a \ud835\udc2a\ud835\udc2e\ud835\udc22\ud835\udc27\ud835\udc2d\ud835\udc1a-\ud835\udc1f\ud835\udc1e\ud835\udc22\ud835\udc2b\ud835\udc1a (\ud835\udfcf\ud835\udfd3)"},"content":{"rendered":"\n<p>O \u00f4nibus da Cidade Real, que faz a linha 134 \u2013 Bataillard, ficou impossibilitado de operar no bairro por alguns minutos, na manh\u00e3 desta quinta-feira (15), por conta de alguns autom\u00f3veis particulares que estavam estacionados de forma irregular na Rua F, obstruindo a passagem de ve\u00edculos grandes.<\/p>\n\n\n\n<p>De acordo com o Setranspetro, o problema na regi\u00e3o \u00e9 recorrente e provoca rotineiramente perdas de viagens e atrasos na regi\u00e3o. Ainda segundo o sindicato, apenas este ano, sete of\u00edcios foram enviados ao \u00f3rg\u00e3o fiscalizador, apontando este tipo de problema na localidade.<\/p>\n\n\n\n<p><\/p>\n","protected":false},"excerpt":{"rendered":"<p>O \u00f4nibus da Cidade Real, que faz a linha 134 \u2013 Bataillard, ficou impossibilitado de<\/p>\n","protected":false},"author":2,"featured_media":2827,"comment_status":"open","ping_status":"open","sticky":false,"template":"","format":"standard","meta":{"footnotes":""},"categories":[12],"tags":[],"class_list":["post-2826","post","type-post","status-publish","format-standard","has-post-thumbnail","hentry","category-cidade"],"_links":{"self":[{"href":"https:\/\/tvc16.com\/portal\/wp-json\/wp\/v2\/posts\/2826","targetHints":{"allow":["GET"]}}],"collection":[{"href":"https:\/\/tvc16.com\/portal\/wp-json\/wp\/v2\/posts"}],"about":[{"href":"https:\/\/tvc16.com\/portal\/wp-json\/wp\/v2\/types\/post"}],"author":[{"embeddable":true,"href":"https:\/\/tvc16.com\/portal\/wp-json\/wp\/v2\/users\/2"}],"replies":[{"embeddable":true,"href":"https:\/\/tvc16.com\/portal\/wp-json\/wp\/v2\/comments?post=2826"}],"version-history":[{"count":1,"href":"https:\/\/tvc16.com\/portal\/wp-json\/wp\/v2\/posts\/2826\/revisions"}],"predecessor-version":[{"id":2828,"href":"https:\/\/tvc16.com\/portal\/wp-json\/wp\/v2\/posts\/2826\/revisions\/2828"}],"wp:featuredmedia":[{"embeddable":true,"href":"https:\/\/tvc16.com\/portal\/wp-json\/wp\/v2\/media\/2827"}],"wp:attachment":[{"href":"https:\/\/tvc16.com\/portal\/wp-json\/wp\/v2\/media?parent=2826"}],"wp:term":[{"taxonomy":"category","embeddable":true,"href":"https:\/\/tvc16.com\/portal\/wp-json\/wp\/v2\/categories?post=2826"},{"taxonomy":"post_tag","embeddable":true,"href":"https:\/\/tvc16.com\/portal\/wp-json\/wp\/v2\/tags?post=2826"}],"curies":[{"name":"wp","href":"https:\/\/api.w.org\/{rel}","templated":true}]}}