{"id":2829,"date":"2020-10-15T16:45:38","date_gmt":"2020-10-15T16:45:38","guid":{"rendered":"https:\/\/tvc16.com\/portal\/?p=2829"},"modified":"2020-10-15T16:45:38","modified_gmt":"2020-10-15T16:45:38","slug":"previne-brasil-programa-de-financiamento-da-saude-define-tabela-de-repasses","status":"publish","type":"post","link":"https:\/\/tvc16.com\/portal\/2020\/10\/15\/previne-brasil-programa-de-financiamento-da-saude-define-tabela-de-repasses\/","title":{"rendered":"PREVINE BRASIL: Programa de financiamento da Sa\u00fade define tabela de repasses"},"content":{"rendered":"\n<p>Em meio \u00e0 cr\u00edticas sobre o novo modelo de financiamento da Aten\u00e7\u00e3o Prim\u00e1ria&nbsp;de Sa\u00fade do pa\u00eds, o Minist\u00e9rio da Sa\u00fade definiu o valor fixo de incentivo que&nbsp;ser\u00e1 repassado aos munic\u00edpios. De acordo com o \u00f3rg\u00e3o, 4.472 cidades ser\u00e3o&nbsp;contempladas com a totalidade dos recursos previstos de setembro a&nbsp;dezembro de 2020, estimados em R$ 400 milh\u00f5es.&nbsp;<br>&nbsp;<br>O valor foi estabelecido levando em considera\u00e7\u00e3o o grupo espec\u00edfico de&nbsp;profissionais da \u00e1rea, e ser\u00e1 equivalente, por m\u00eas, a R$ 3.225,00 para equipe&nbsp;de Sa\u00fade da Fam\u00edlia, R$ 2.418,75 para equipe de Aten\u00e7\u00e3o Prim\u00e1ria&nbsp;modalidade II e R$ 1.612,50 para equipe de Aten\u00e7\u00e3o Prim\u00e1ria modalidade I.<br>&nbsp;<br>A medida faz parte do programa Previne Brasil, que desde de janeiro,&nbsp;modificou a forma de financiamento municipal da sa\u00fade. Segundo Renata&nbsp;Costa, diretora do Departamento de Sa\u00fade da Fam\u00edlia (DESF) no \u00e2mbito da&nbsp;Secretaria de Aten\u00e7\u00e3o Prim\u00e1ria \u00e0 Sa\u00fade (SAPS), a principal mudan\u00e7a \u00e9 que agora as equipes dever\u00e3o cadastrar as pessoas que usufruem o servi\u00e7o&nbsp;p\u00fablico, levando em considera\u00e7\u00e3o sete indicadores.&nbsp;<\/p>\n\n\n\n<p>S\u00e3o eles: propor\u00e7\u00e3o de gestantes com pelo menos seis consultas pr\u00e9-natal&nbsp;realizadas, sendo a primeira at\u00e9 a 20\u00aa semana de gesta\u00e7\u00e3o; propor\u00e7\u00e3o de&nbsp;gestantes com realiza\u00e7\u00e3o de exames para s\u00edfilis e HIV; propor\u00e7\u00e3o de gestantes&nbsp;com atendimento odontol\u00f3gico realizado; cobertura de exame citopatol\u00f3gico;&nbsp;cobertura vacinal de Poliomielite inativada e de Pentavalente; percentual de<br>pessoas hipertensas com Press\u00e3o Arterial aferida em cada semestre; e&nbsp;percentual de diab\u00e9ticos com solicita\u00e7\u00e3o de hemoglobina glicada.<br>&nbsp;<br>O retorno dessas observa\u00e7\u00f5es, de acordo com o minist\u00e9rio, poder\u00e1 direcionar&nbsp;melhor os recursos que podem ser acrescidos de acordo com cada resultado.&nbsp;&nbsp;\u201cPor que \u00e9 importante o financiamento da popula\u00e7\u00e3o cadastrada? Porque se a&nbsp;equipe cadastrou, de fato identificou essas pessoas no territ\u00f3rio e ir\u00e1 assisti-&nbsp;os. O valor base para o c\u00e1lculo do Previne \u00e9 de R$50,50 por pessoa. J\u00e1 o&nbsp;pagamento por desempenho, ele \u00e9 definido pelo resultado desses indicadores\u201d,&nbsp;refor\u00e7a Renata.&nbsp;<\/p>\n\n\n\n<figure class=\"wp-block-image\"><img decoding=\"async\" src=\"\/\/s3-sa-east-1.amazonaws.com\/agencia-radio-arb\/3017\/content_previne-brasil_%281%29.png\" alt=\"\"\/><\/figure>\n\n\n\n<p><br>Mas h\u00e1 quem n\u00e3o veja efetividade nas mudan\u00e7as aplicadas pelo minist\u00e9rio. De\u00a0acordo com o m\u00e9dico da fam\u00edlia e diretor da Sociedade Brasileira de Medicina<br>da Fam\u00edlia e Comunidade, Ricardo Heinzelmann, o Previne Brasil deixou de\u00a0atender uma parcela da popula\u00e7\u00e3o.\u00a0<br>\u00a0<br>\u201cComo voc\u00ea vai possibilitar esse cadastro se as equipes vinham num processo\u00a0de desmonte, de falta de profissionais. \u00c9 uma pol\u00edtica que acaba punindo\u00a0munic\u00edpios justamente por esse procedimento que eles aderiram por conta do\u00a0financiamento\u201d, pontua o m\u00e9dico.\u00a0<br>\u00a0<br>De acordo com o Minist\u00e9rio da Sa\u00fade, pela capacidade de atendimento das 43\u00a0mil Equipes de Sa\u00fade da Fam\u00edlia, 140 milh\u00f5es de pessoas deveriam estar\u00a0sendo acompanhadas pelos servi\u00e7os da aten\u00e7\u00e3o prim\u00e1ria que cuida dos\u00a0problemas mais frequentes da popula\u00e7\u00e3o brasileira como diabetes e\u00a0hipertens\u00e3o, atrav\u00e9s de consultas m\u00e9dicas, exames e vacina\u00e7\u00e3o.<\/p>\n\n\n\n<p>Fonte: <a href=\"https:\/\/brasil61.com\/noticias\/previne-brasil-programa-de-financiamento-da-saude-define-tabela-de-repasses-bras202200\" target=\"_blank\" rel=\"noreferrer noopener\">Brasil 61<\/a><\/p>\n","protected":false},"excerpt":{"rendered":"<p>Em meio \u00e0 cr\u00edticas sobre o novo modelo de financiamento da Aten\u00e7\u00e3o Prim\u00e1ria&nbsp;de Sa\u00fade do<\/p>\n","protected":false},"author":2,"featured_media":2830,"comment_status":"open","ping_status":"open","sticky":false,"template":"","format":"standard","meta":{"footnotes":""},"categories":[13],"tags":[],"class_list":["post-2829","post","type-post","status-publish","format-standard","has-post-thumbnail","hentry","category-saude"],"_links":{"self":[{"href":"https:\/\/tvc16.com\/portal\/wp-json\/wp\/v2\/posts\/2829","targetHints":{"allow":["GET"]}}],"collection":[{"href":"https:\/\/tvc16.com\/portal\/wp-json\/wp\/v2\/posts"}],"about":[{"href":"https:\/\/tvc16.com\/portal\/wp-json\/wp\/v2\/types\/post"}],"author":[{"embeddable":true,"href":"https:\/\/tvc16.com\/portal\/wp-json\/wp\/v2\/users\/2"}],"replies":[{"embeddable":true,"href":"https:\/\/tvc16.com\/portal\/wp-json\/wp\/v2\/comments?post=2829"}],"version-history":[{"count":1,"href":"https:\/\/tvc16.com\/portal\/wp-json\/wp\/v2\/posts\/2829\/revisions"}],"predecessor-version":[{"id":2831,"href":"https:\/\/tvc16.com\/portal\/wp-json\/wp\/v2\/posts\/2829\/revisions\/2831"}],"wp:featuredmedia":[{"embeddable":true,"href":"https:\/\/tvc16.com\/portal\/wp-json\/wp\/v2\/media\/2830"}],"wp:attachment":[{"href":"https:\/\/tvc16.com\/portal\/wp-json\/wp\/v2\/media?parent=2829"}],"wp:term":[{"taxonomy":"category","embeddable":true,"href":"https:\/\/tvc16.com\/portal\/wp-json\/wp\/v2\/categories?post=2829"},{"taxonomy":"post_tag","embeddable":true,"href":"https:\/\/tvc16.com\/portal\/wp-json\/wp\/v2\/tags?post=2829"}],"curies":[{"name":"wp","href":"https:\/\/api.w.org\/{rel}","templated":true}]}}