{"id":2832,"date":"2020-10-15T16:46:59","date_gmt":"2020-10-15T16:46:59","guid":{"rendered":"https:\/\/tvc16.com\/portal\/?p=2832"},"modified":"2020-10-15T16:46:59","modified_gmt":"2020-10-15T16:46:59","slug":"votacao-do-projeto-que-cria-regras-para-distribuicao-das-vacinas-contra-covid-19-e-adiada-no-senado","status":"publish","type":"post","link":"https:\/\/tvc16.com\/portal\/2020\/10\/15\/votacao-do-projeto-que-cria-regras-para-distribuicao-das-vacinas-contra-covid-19-e-adiada-no-senado\/","title":{"rendered":"Vota\u00e7\u00e3o do projeto que cria regras para distribui\u00e7\u00e3o das vacinas contra Covid-19 \u00e9 adiada no Senado"},"content":{"rendered":"\n<p>Foi adiada a vota\u00e7\u00e3o do projeto que estabelece diretrizes para a vacina\u00e7\u00e3o contra a Covid-19. O pedido partiu do relator, senador Nelsinho Trad (PSD-MS), segundo ele foram apresentadas 16 novas emendas ao texto na \u00faltima quarta-feira (7), que precisam de tempo para serem analisadas e negociadas para que o texto final garanta igualdade na distribui\u00e7\u00e3o das doses.&nbsp;<\/p>\n\n\n\n<p>\u201cPrecisamos analisar e avaliar emenda por emenda junto com o \u00f3rg\u00e3o executor, que \u00e9 o Minist\u00e9rio da Sa\u00fade. Justamente para poder otimizar a sua tramita\u00e7\u00e3o e a aprova\u00e7\u00e3o dos senadores. O m\u00e9rito do projeto \u00e9 a transpar\u00eancia da distribui\u00e7\u00e3o dessas vacinas, n\u00e3o vai ter estado na frente do outro, ser\u00e1 um programa similar ao que acontece em campanhas nacionais de vacina\u00e7\u00e3o\u201d, explicou o relator.&nbsp;<\/p>\n\n\n\n<p>Em tramita\u00e7\u00e3o, o PL 4.023\/2020 ainda n\u00e3o foi discutido em plen\u00e1rio nem em comiss\u00e3o espec\u00edfica, mas o senador prometeu em breve o relat\u00f3rio. A proposta de autoria do senador Alessandro Vieira (Cidadania-SE), altera a<a href=\"http:\/\/www.planalto.gov.br\/ccivil_03\/_ato2019-2022\/2020\/lei\/l13979.htm\"> lei sobre as medidas para enfrentamento da emerg\u00eancia de sa\u00fade p\u00fablica<\/a>, para fixar diretrizes que orientem a distribui\u00e7\u00e3o de vacinas contra a Covid-19.&nbsp;<\/p>\n\n\n\n<p>De acordo com o texto \u00e9 assegurado que a imuniza\u00e7\u00e3o da popula\u00e7\u00e3o seja conduzida com a prioriza\u00e7\u00e3o dos grupos mais vulner\u00e1veis \u00e0 doen\u00e7a, como idosos, diab\u00e9ticos e hipertensos.<\/p>\n\n\n\n<figure class=\"wp-block-image\"><img decoding=\"async\" src=\"\/\/s3-sa-east-1.amazonaws.com\/agencia-radio-arb\/3019\/content_vacina-covid.png\" alt=\"\"\/><\/figure>\n\n\n\n<p><a href=\"https:\/\/brasil61.com\/noticias\/senado-deve-votar-projeto-que-cria-regras-para-distribuicao-da-futura-vacina-contra-a-covid-19-bras202135\"><strong>Senado deve votar projeto que cria regras para distribui\u00e7\u00e3o da futura vacina contra a Covid-19<\/strong><\/a><\/p>\n\n\n\n<p><a href=\"https:\/\/brasil61.com\/noticias\/projeto-de-lei-preve-transparencia-no-uso-de-royalties-de-petroleo-bras202205\"><strong>Projeto de lei prev\u00ea transpar\u00eancia no uso de royalties de petr\u00f3leo<\/strong><\/a><\/p>\n\n\n\n<p>O doutor em Medicina Tropical pela Universidade de Bras\u00edlia, Julival Ribeiro, avaliou o Brasil como um dos melhores pa\u00edses do mundo em termos de projeto de vacina\u00e7\u00e3o da sua popula\u00e7\u00e3o e destacou tamb\u00e9m a import\u00e2ncia da imuniza\u00e7\u00e3o dos grupos priorit\u00e1rios.\u201cEspero que no Brasil tenha um comando real na distribui\u00e7\u00e3o dessas vacinas, n\u00e3o podemos politizar. Os grupos de risco s\u00e3o priorit\u00e1rios em qualquer cidade, em qualquer estado do Brasil\u201d, ressaltou.&nbsp;<\/p>\n\n\n\n<p>O PL prev\u00ea tamb\u00e9m a determina\u00e7\u00e3o da distribui\u00e7\u00e3o de doses da vacina e a transfer\u00eancia de recursos federais para sua aquisi\u00e7\u00e3o por estados e munic\u00edpios e que observem os crit\u00e9rios t\u00e9cnicos, considerando informa\u00e7\u00f5es e dados demogr\u00e1ficos, epidemiol\u00f3gicos e sanit\u00e1rios.&nbsp;<\/p>\n\n\n\n<p>Se incluem nos crit\u00e9rios o tamanho da popula\u00e7\u00e3o, o percentual j\u00e1 imunizado, a participa\u00e7\u00e3o dos grupos vulner\u00e1veis, taxa da popula\u00e7\u00e3o j\u00e1 acometida por Covid-19 e o de n\u00famero de casos e \u00f3bitos.<\/p>\n\n\n\n<p>Fonte: <a href=\"https:\/\/brasil61.com\/noticias\/votacao-do-projeto-que-cria-regras-para-distribuicao-das-vacinas-contra-covid-19-e-adiada-no-senado-bras202214\" target=\"_blank\" rel=\"noreferrer noopener\">Brasil 61<\/a><\/p>\n","protected":false},"excerpt":{"rendered":"<p>Foi adiada a vota\u00e7\u00e3o do projeto que estabelece diretrizes para a vacina\u00e7\u00e3o contra a Covid-19.<\/p>\n","protected":false},"author":2,"featured_media":2833,"comment_status":"open","ping_status":"open","sticky":false,"template":"","format":"standard","meta":{"footnotes":""},"categories":[13],"tags":[],"class_list":["post-2832","post","type-post","status-publish","format-standard","has-post-thumbnail","hentry","category-saude"],"_links":{"self":[{"href":"https:\/\/tvc16.com\/portal\/wp-json\/wp\/v2\/posts\/2832","targetHints":{"allow":["GET"]}}],"collection":[{"href":"https:\/\/tvc16.com\/portal\/wp-json\/wp\/v2\/posts"}],"about":[{"href":"https:\/\/tvc16.com\/portal\/wp-json\/wp\/v2\/types\/post"}],"author":[{"embeddable":true,"href":"https:\/\/tvc16.com\/portal\/wp-json\/wp\/v2\/users\/2"}],"replies":[{"embeddable":true,"href":"https:\/\/tvc16.com\/portal\/wp-json\/wp\/v2\/comments?post=2832"}],"version-history":[{"count":1,"href":"https:\/\/tvc16.com\/portal\/wp-json\/wp\/v2\/posts\/2832\/revisions"}],"predecessor-version":[{"id":2834,"href":"https:\/\/tvc16.com\/portal\/wp-json\/wp\/v2\/posts\/2832\/revisions\/2834"}],"wp:featuredmedia":[{"embeddable":true,"href":"https:\/\/tvc16.com\/portal\/wp-json\/wp\/v2\/media\/2833"}],"wp:attachment":[{"href":"https:\/\/tvc16.com\/portal\/wp-json\/wp\/v2\/media?parent=2832"}],"wp:term":[{"taxonomy":"category","embeddable":true,"href":"https:\/\/tvc16.com\/portal\/wp-json\/wp\/v2\/categories?post=2832"},{"taxonomy":"post_tag","embeddable":true,"href":"https:\/\/tvc16.com\/portal\/wp-json\/wp\/v2\/tags?post=2832"}],"curies":[{"name":"wp","href":"https:\/\/api.w.org\/{rel}","templated":true}]}}