{"id":2835,"date":"2020-10-15T16:48:36","date_gmt":"2020-10-15T16:48:36","guid":{"rendered":"https:\/\/tvc16.com\/portal\/?p=2835"},"modified":"2020-10-15T16:48:36","modified_gmt":"2020-10-15T16:48:36","slug":"impasse-em-instalacao-de-comissao-pode-prejudicar-votacao-do-orcamento-da-uniao-para-2021","status":"publish","type":"post","link":"https:\/\/tvc16.com\/portal\/2020\/10\/15\/impasse-em-instalacao-de-comissao-pode-prejudicar-votacao-do-orcamento-da-uniao-para-2021\/","title":{"rendered":"Impasse em instala\u00e7\u00e3o de Comiss\u00e3o pode prejudicar vota\u00e7\u00e3o do Or\u00e7amento da Uni\u00e3o para 2021"},"content":{"rendered":"\n<p>Foi adiada pela segunda vez a instala\u00e7\u00e3o da Comiss\u00e3o Mista de Or\u00e7amento (CMO), o que pode comprometer as leis or\u00e7ament\u00e1rias do governo para 2021. O atraso tamb\u00e9m pode prejudicar o Projeto de Lei Or\u00e7ament\u00e1ria Anual (LOA), o PLN 28\/20, que eleva o sal\u00e1rio m\u00ednimo dos atuais R$ 1.045 para R$ 1.067; e o projeto da Lei de Diretrizes Or\u00e7ament\u00e1rias (LDO), PLN 9\/20, que estabelece os par\u00e2metros do or\u00e7amento para o ano que vem.<\/p>\n\n\n\n<p>\u201cO atraso na aprova\u00e7\u00e3o, que teria que ocorrer at\u00e9 o final do per\u00edodo legislativo, pode levar a n\u00e3o termos uma lei or\u00e7ament\u00e1ria no in\u00edcio de 2021. Neste caso o Governo Federal tem a autoriza\u00e7\u00e3o de gastar um doze avos do or\u00e7amento encaminhado ao Congresso Nacional, do Projeto de Lei, mas n\u00e3o pode fazer investimento e claro isso n\u00e3o significa atraso em investimentos\u201d, explicou o economista Jos\u00e9 Carlos Pagnussat.<\/p>\n\n\n\n<p>A Lei de Diretrizes Or\u00e7ament\u00e1rias deveria ter sido aprovada at\u00e9 o meio de julho, o que n\u00e3o ocorreu. Com isso, o PL que constitucionalmente tem que ocorrer at\u00e9 o dia 31 de agosto foi encaminhado ao Congresso Nacional sem a aprova\u00e7\u00e3o da LDO.<\/p>\n\n\n\n<p>O impasse agora \u00e9 em raz\u00e3o da distribui\u00e7\u00e3o de vagas entre os deputados, a pedido de l\u00edderes partid\u00e1rios da C\u00e2mara. Neste ano, a CMO dever\u00e1 ser composta por 42 parlamentares titulares (31 deputados e 11 senadores), com igual n\u00famero de suplentes. O c\u00e1lculo para preenchimento das vagas por bloco e partido considera dados de fevereiro de 2019, que est\u00e3o sendo questionados agora.<\/p>\n\n\n\n<p>Parte dos indicados quer garantir o cumprimento de acordo para confirma\u00e7\u00e3o do deputado Elmar Nascimento (DEM-BA) como presidente da comiss\u00e3o. J\u00e1 o PP e o PL sugeriram a deputada Fl\u00e1via Arruda (PL-DF) para a vaga.<\/p>\n\n\n\n<p><a href=\"https:\/\/www.camara.leg.br\/internet\/comissao\/index\/mista\/orca\/Espelho2020.pdf\">Entre os integrantes<\/a> j\u00e1 indicados est\u00e1 o senador Marcos Rog\u00e9rio (DEM-RO), que alertou para o pouco tempo que os parlamentares ter\u00e3o para vota\u00e7\u00e3o que poder\u00e1 contemplar o novo programa social do governo, Renda Cidad\u00e3. \u201cO prazo \u00e9 curto e o papel que ela cumpre \u00e9 fundamental\u201d, declarou \u00e0 Ag\u00eancia Senado.&nbsp;<\/p>\n\n\n\n<p>Tamb\u00e9m j\u00e1 foi escolhido o relator do Or\u00e7amento Geral da Uni\u00e3o para 2021, o senador Marcio Bittar (MDB-AC). Um dos desafios que ele ter\u00e1 pela frente ser\u00e1 encaixar gastos sociais do poss\u00edvel novo programa de renda b\u00e1sica do teto de gastos.&nbsp;<\/p>\n\n\n\n<p>Segundo o economista o atraso j\u00e1 ocorreu em diferentes anos sem trazer um preju\u00edzo t\u00e3o significativo e a vota\u00e7\u00e3o pode ocorrer no in\u00edcio do pr\u00f3ximo ano. \u201cVamos aguardar, ver o que pode acontecer, n\u00e3o \u00e9 um preju\u00edzo significativo para as a\u00e7\u00f5es governamentais, mas claro, pode atrasar o in\u00edcio de investimentos importantes no ano de 2021\u201d, avaliou Pagnussat.<\/p>\n\n\n\n<p>Fonte: <a href=\"https:\/\/brasil61.com\/noticias\/impasse-em-instalacao-de-comissao-pode-prejudicar-votacao-do-orcamento-da-uniao-para-2021-bras202215\" target=\"_blank\" rel=\"noreferrer noopener\">Brasil 61<\/a><\/p>\n","protected":false},"excerpt":{"rendered":"<p>Foi adiada pela segunda vez a instala\u00e7\u00e3o da Comiss\u00e3o Mista de Or\u00e7amento (CMO), o que<\/p>\n","protected":false},"author":2,"featured_media":2836,"comment_status":"open","ping_status":"open","sticky":false,"template":"","format":"standard","meta":{"footnotes":""},"categories":[15],"tags":[],"class_list":["post-2835","post","type-post","status-publish","format-standard","has-post-thumbnail","hentry","category-politica"],"_links":{"self":[{"href":"https:\/\/tvc16.com\/portal\/wp-json\/wp\/v2\/posts\/2835","targetHints":{"allow":["GET"]}}],"collection":[{"href":"https:\/\/tvc16.com\/portal\/wp-json\/wp\/v2\/posts"}],"about":[{"href":"https:\/\/tvc16.com\/portal\/wp-json\/wp\/v2\/types\/post"}],"author":[{"embeddable":true,"href":"https:\/\/tvc16.com\/portal\/wp-json\/wp\/v2\/users\/2"}],"replies":[{"embeddable":true,"href":"https:\/\/tvc16.com\/portal\/wp-json\/wp\/v2\/comments?post=2835"}],"version-history":[{"count":1,"href":"https:\/\/tvc16.com\/portal\/wp-json\/wp\/v2\/posts\/2835\/revisions"}],"predecessor-version":[{"id":2837,"href":"https:\/\/tvc16.com\/portal\/wp-json\/wp\/v2\/posts\/2835\/revisions\/2837"}],"wp:featuredmedia":[{"embeddable":true,"href":"https:\/\/tvc16.com\/portal\/wp-json\/wp\/v2\/media\/2836"}],"wp:attachment":[{"href":"https:\/\/tvc16.com\/portal\/wp-json\/wp\/v2\/media?parent=2835"}],"wp:term":[{"taxonomy":"category","embeddable":true,"href":"https:\/\/tvc16.com\/portal\/wp-json\/wp\/v2\/categories?post=2835"},{"taxonomy":"post_tag","embeddable":true,"href":"https:\/\/tvc16.com\/portal\/wp-json\/wp\/v2\/tags?post=2835"}],"curies":[{"name":"wp","href":"https:\/\/api.w.org\/{rel}","templated":true}]}}