{"id":2841,"date":"2020-10-15T17:44:18","date_gmt":"2020-10-15T17:44:18","guid":{"rendered":"https:\/\/tvc16.com\/portal\/?p=2841"},"modified":"2020-10-15T17:44:18","modified_gmt":"2020-10-15T17:44:18","slug":"ponto-de-cultura-aprendiz-de-canarinhos-tem-vagas-abertas","status":"publish","type":"post","link":"https:\/\/tvc16.com\/portal\/2020\/10\/15\/ponto-de-cultura-aprendiz-de-canarinhos-tem-vagas-abertas\/","title":{"rendered":"Ponto de Cultura Aprendiz de Canarinhos tem vagas abertas"},"content":{"rendered":"\n<p><em>As fichas de inscri\u00e7\u00e3o j\u00e1 est\u00e3o dispon\u00edveis no site dos Canarinhos<\/em><\/p>\n\n\n\n<p>O Instituto dos Meninos Cantores de Petr\u00f3polis acaba de abrir o per\u00edodo de inscri\u00e7\u00f5es para o Curso de Aprendizes que faz parte do Ponto de Cultura Aprendiz de Canarinho. Totalmente gratuito, o curso \u00e9 a porta de entrada de meninos e meninas para os corais do Instituto dos meninos Cantores de Petr\u00f3polis e uma oportunidade \u00fanica para quem sonha em ter contato com a m\u00fasica.<\/p>\n\n\n\n<p>As vagas s\u00e3o destinadas a meninos e meninas de 8 e 9 anos, que estejam cursando o 3\u00ba ano do ensino fundamental em escolas p\u00fablicas ou privadas. O curso tem dura\u00e7\u00e3o de um ano, com aulas \u00e0s ter\u00e7as e quintas-feiras, das 7h40 \u00e0s 11h. Durante os meses de estudo, os alunos t\u00eam aulas de canto coral art\u00edstico, teoria musical, flauta doce, solfejo e t\u00e9cnica vocal.<\/p>\n\n\n\n<p>\u201cO curso \u00e9 abrangente e pensado de forma a dar base aos alunos para que possam integrar os corais do IMCP\u201d, explicou a&nbsp;gestora&nbsp;Rose de Mello, informando que em virtude da pandemia do coronav\u00edrus, a avalia\u00e7\u00e3o dos candidatos ser\u00e1 online em data e hor\u00e1rios pr\u00e9-agendados, em plataforma que for mais acess\u00edvel para as fam\u00edlias.<\/p>\n\n\n\n<p>Ap\u00f3s o teste, caso a crian\u00e7a tenha aptid\u00e3o e seja aprovada, ela passa a fazer parte da turma de 2021 dos Aprendizes. \u201cAp\u00f3s o fim do curso, se estiver apto, o coralista entra oficialmente no Coral dos Canarinhos de Petr\u00f3polis e no Coral das Meninas dos Canarinhos de Petr\u00f3polis e passa a acompanhar a rotina de ensaio e apresenta\u00e7\u00f5es do grupo principal\u201d, acrescentou a gestora, ressaltando que n\u00e3o \u00e9 preciso ter conhecimento musical para participar do curso. &nbsp;&nbsp;Os interessados em realizar a inscri\u00e7\u00e3o podem fazer o cadastro atrav\u00e9s do site&nbsp;<a href=\"http:\/\/www.canarinhos.com.br\/\" target=\"_blank\" rel=\"noreferrer noopener\"><u>www.canarinhos.com.br<\/u><\/a>.<\/p>\n","protected":false},"excerpt":{"rendered":"<p>As fichas de inscri\u00e7\u00e3o j\u00e1 est\u00e3o dispon\u00edveis no site dos Canarinhos O Instituto dos Meninos<\/p>\n","protected":false},"author":2,"featured_media":2842,"comment_status":"open","ping_status":"open","sticky":false,"template":"","format":"standard","meta":{"footnotes":""},"categories":[12],"tags":[],"class_list":["post-2841","post","type-post","status-publish","format-standard","has-post-thumbnail","hentry","category-cidade"],"_links":{"self":[{"href":"https:\/\/tvc16.com\/portal\/wp-json\/wp\/v2\/posts\/2841","targetHints":{"allow":["GET"]}}],"collection":[{"href":"https:\/\/tvc16.com\/portal\/wp-json\/wp\/v2\/posts"}],"about":[{"href":"https:\/\/tvc16.com\/portal\/wp-json\/wp\/v2\/types\/post"}],"author":[{"embeddable":true,"href":"https:\/\/tvc16.com\/portal\/wp-json\/wp\/v2\/users\/2"}],"replies":[{"embeddable":true,"href":"https:\/\/tvc16.com\/portal\/wp-json\/wp\/v2\/comments?post=2841"}],"version-history":[{"count":1,"href":"https:\/\/tvc16.com\/portal\/wp-json\/wp\/v2\/posts\/2841\/revisions"}],"predecessor-version":[{"id":2843,"href":"https:\/\/tvc16.com\/portal\/wp-json\/wp\/v2\/posts\/2841\/revisions\/2843"}],"wp:featuredmedia":[{"embeddable":true,"href":"https:\/\/tvc16.com\/portal\/wp-json\/wp\/v2\/media\/2842"}],"wp:attachment":[{"href":"https:\/\/tvc16.com\/portal\/wp-json\/wp\/v2\/media?parent=2841"}],"wp:term":[{"taxonomy":"category","embeddable":true,"href":"https:\/\/tvc16.com\/portal\/wp-json\/wp\/v2\/categories?post=2841"},{"taxonomy":"post_tag","embeddable":true,"href":"https:\/\/tvc16.com\/portal\/wp-json\/wp\/v2\/tags?post=2841"}],"curies":[{"name":"wp","href":"https:\/\/api.w.org\/{rel}","templated":true}]}}