{"id":2849,"date":"2020-10-15T21:15:10","date_gmt":"2020-10-15T21:15:10","guid":{"rendered":"https:\/\/tvc16.com\/portal\/?p=2849"},"modified":"2020-10-15T21:15:10","modified_gmt":"2020-10-15T21:15:10","slug":"justica-do-rio-determina-soltura-de-cristiane-brasil-e-pedro-fernandes","status":"publish","type":"post","link":"https:\/\/tvc16.com\/portal\/2020\/10\/15\/justica-do-rio-determina-soltura-de-cristiane-brasil-e-pedro-fernandes\/","title":{"rendered":"Justi\u00e7a do Rio determina soltura de Cristiane Brasil e Pedro Fernandes"},"content":{"rendered":"\n<p>Ex-deputada e ex-secret\u00e1rio foram acusados de desviar verbas p\u00fablicas &#8211; Por Vladimir Platonow \u2013 Rep\u00f3rter da Ag\u00eancia Brasil &#8211; Rio de Janeiro<\/p>\n\n\n\n<p>A Justi\u00e7a determinou a soltura da ex-deputada federal Cristiane Brasil e do ex-secret\u00e1rio estadual de Educa\u00e7\u00e3o do Rio de Janeiro Pedro Fernandes.<img decoding=\"async\" src=\"https:\/\/agenciabrasil.ebc.com.br\/ebc.png?id=1390740&amp;o=node\"><img decoding=\"async\" src=\"https:\/\/agenciabrasil.ebc.com.br\/ebc.gif?id=1390740&amp;o=node\"> A decis\u00e3o, tomada nesta quinta-feira (15), \u00e9 da 5\u00aa C\u00e2mara Criminal do Tribunal de Justi\u00e7a (TJ) do Rio de Janeiro. Os desembargadores decidiram, por unanimidade, substituir a pris\u00e3o preventiva por medidas cautelares, incluindo recolhimento noturno e entrega de passaportes. A decis\u00e3o tamb\u00e9m alcan\u00e7ou o empres\u00e1rio o empres\u00e1rio Fl\u00e1vio Salom\u00e3o Chadud.<\/p>\n\n\n\n<p>A ex-deputada e Chadud tiveram a pris\u00e3o preventiva decretada no m\u00eas passado, em opera\u00e7\u00e3o que tamb\u00e9m levou \u00e0 pris\u00e3o o ent\u00e3o secret\u00e1rio estadual de Educa\u00e7\u00e3o Pedro Fernandes. No caso de Fernandes, que apresentou, no momento da pris\u00e3o, o exame confirmando que estava com covid-19, a medida cautelar\u00a0foi convertida de preventiva para domiciliar. Por\u00e9m, no dia 30 de setembro, ap\u00f3s cumprir quarentena, ele foi levado para o pres\u00eddio de Bangu 8.<\/p>\n\n\n\n<p>Cristiane Brasil, Fl\u00e1vio Chadud e Pedro Fernandes foram presos na segunda fase da Opera\u00e7\u00e3o Catarata, por supostos desvios nos contratos de assist\u00eancia social, entre 2013 e 2018, que custaram quase R$ 120 milh\u00f5es aos cofres p\u00fablicos. A ex-deputada Cristiane Brasil \u00e9 filha do presidente do PTB, Roberto Jefferson, e estava pleiteando uma vaga de candidata \u00e0 prefeitura do Rio, quando veio a decis\u00e3o da pris\u00e3o, o que acabou inviabilizando seus planos pol\u00edticos.<\/p>\n","protected":false},"excerpt":{"rendered":"<p>Ex-deputada e ex-secret\u00e1rio foram acusados de desviar verbas p\u00fablicas &#8211; Por Vladimir Platonow \u2013 Rep\u00f3rter<\/p>\n","protected":false},"author":2,"featured_media":2850,"comment_status":"open","ping_status":"open","sticky":false,"template":"","format":"standard","meta":{"footnotes":""},"categories":[15],"tags":[87,64,85,86],"class_list":["post-2849","post","type-post","status-publish","format-standard","has-post-thumbnail","hentry","category-politica","tag-justica","tag-policia","tag-politica","tag-rio-de-janeiro"],"_links":{"self":[{"href":"https:\/\/tvc16.com\/portal\/wp-json\/wp\/v2\/posts\/2849","targetHints":{"allow":["GET"]}}],"collection":[{"href":"https:\/\/tvc16.com\/portal\/wp-json\/wp\/v2\/posts"}],"about":[{"href":"https:\/\/tvc16.com\/portal\/wp-json\/wp\/v2\/types\/post"}],"author":[{"embeddable":true,"href":"https:\/\/tvc16.com\/portal\/wp-json\/wp\/v2\/users\/2"}],"replies":[{"embeddable":true,"href":"https:\/\/tvc16.com\/portal\/wp-json\/wp\/v2\/comments?post=2849"}],"version-history":[{"count":2,"href":"https:\/\/tvc16.com\/portal\/wp-json\/wp\/v2\/posts\/2849\/revisions"}],"predecessor-version":[{"id":2852,"href":"https:\/\/tvc16.com\/portal\/wp-json\/wp\/v2\/posts\/2849\/revisions\/2852"}],"wp:featuredmedia":[{"embeddable":true,"href":"https:\/\/tvc16.com\/portal\/wp-json\/wp\/v2\/media\/2850"}],"wp:attachment":[{"href":"https:\/\/tvc16.com\/portal\/wp-json\/wp\/v2\/media?parent=2849"}],"wp:term":[{"taxonomy":"category","embeddable":true,"href":"https:\/\/tvc16.com\/portal\/wp-json\/wp\/v2\/categories?post=2849"},{"taxonomy":"post_tag","embeddable":true,"href":"https:\/\/tvc16.com\/portal\/wp-json\/wp\/v2\/tags?post=2849"}],"curies":[{"name":"wp","href":"https:\/\/api.w.org\/{rel}","templated":true}]}}