{"id":285,"date":"2020-09-11T00:46:25","date_gmt":"2020-09-11T00:46:25","guid":{"rendered":"https:\/\/tvc16.com\/portal\/?p=285"},"modified":"2020-09-11T00:46:25","modified_gmt":"2020-09-11T00:46:25","slug":"homem-envolvido-em-assassinato-na-estrada-do-brejal-e-preso-pela-policia-civil","status":"publish","type":"post","link":"https:\/\/tvc16.com\/portal\/2020\/09\/11\/homem-envolvido-em-assassinato-na-estrada-do-brejal-e-preso-pela-policia-civil\/","title":{"rendered":"Homem envolvido em assassinato na Estrada do Brejal \u00e9 preso pela Pol\u00edcia Civil"},"content":{"rendered":"<p>Agentes da 106\u00aa Delegacia de Pol\u00edcia, em Itaipava, cumpriram hoje (10), um mandado de pris\u00e3o preventiva, expedido pela 1\u00aa Vara Criminal de Petr\u00f3polis, contra Jos\u00e9 Lu\u00eds Silva Dantas, pelo crime de homic\u00eddio qualificado. O assassinato foi cometido \u00e0s 22h, no dia 26 de junho deste ano, na Estrada do Brejal, em frente ao bar Sal\u00e3o Azul, na Posse.<\/p>\n<p>De acordo com a pol\u00edcia, Eduardo de Lima Leonardo Paiva, foi morto a tiros por l\u00edderes de uma fac\u00e7\u00e3o criminosa, que tenta dominar a venda de drogas na regi\u00e3o. Jos\u00e9 Lu\u00eds foi o quarto envolvido na morte da v\u00edtima preso pela pol\u00edcia. J\u00e1 tinham sido capturados Lu\u00eds Augusto do Amaral Fernandes, no munic\u00edpio de Duque de Caxias, Jo\u00e3o Lu\u00eds C\u00e2ndido Bispo e Jovenil Fernando de Mello Silva, em Petr\u00f3polis.<\/p>\n","protected":false},"excerpt":{"rendered":"<p>Agentes da 106\u00aa Delegacia de Pol\u00edcia, em Itaipava, cumpriram hoje (10), um mandado de pris\u00e3o<\/p>\n","protected":false},"author":1,"featured_media":286,"comment_status":"open","ping_status":"open","sticky":false,"template":"","format":"standard","meta":{"footnotes":""},"categories":[12],"tags":[],"class_list":["post-285","post","type-post","status-publish","format-standard","has-post-thumbnail","hentry","category-cidade"],"_links":{"self":[{"href":"https:\/\/tvc16.com\/portal\/wp-json\/wp\/v2\/posts\/285","targetHints":{"allow":["GET"]}}],"collection":[{"href":"https:\/\/tvc16.com\/portal\/wp-json\/wp\/v2\/posts"}],"about":[{"href":"https:\/\/tvc16.com\/portal\/wp-json\/wp\/v2\/types\/post"}],"author":[{"embeddable":true,"href":"https:\/\/tvc16.com\/portal\/wp-json\/wp\/v2\/users\/1"}],"replies":[{"embeddable":true,"href":"https:\/\/tvc16.com\/portal\/wp-json\/wp\/v2\/comments?post=285"}],"version-history":[{"count":1,"href":"https:\/\/tvc16.com\/portal\/wp-json\/wp\/v2\/posts\/285\/revisions"}],"predecessor-version":[{"id":287,"href":"https:\/\/tvc16.com\/portal\/wp-json\/wp\/v2\/posts\/285\/revisions\/287"}],"wp:featuredmedia":[{"embeddable":true,"href":"https:\/\/tvc16.com\/portal\/wp-json\/wp\/v2\/media\/286"}],"wp:attachment":[{"href":"https:\/\/tvc16.com\/portal\/wp-json\/wp\/v2\/media?parent=285"}],"wp:term":[{"taxonomy":"category","embeddable":true,"href":"https:\/\/tvc16.com\/portal\/wp-json\/wp\/v2\/categories?post=285"},{"taxonomy":"post_tag","embeddable":true,"href":"https:\/\/tvc16.com\/portal\/wp-json\/wp\/v2\/tags?post=285"}],"curies":[{"name":"wp","href":"https:\/\/api.w.org\/{rel}","templated":true}]}}