{"id":2853,"date":"2020-10-15T21:19:39","date_gmt":"2020-10-15T21:19:39","guid":{"rendered":"https:\/\/tvc16.com\/portal\/?p=2853"},"modified":"2020-10-15T21:19:39","modified_gmt":"2020-10-15T21:19:39","slug":"europa-retoma-toques-de-recolher-e-lockdowns-para-conter-covid-19","status":"publish","type":"post","link":"https:\/\/tvc16.com\/portal\/2020\/10\/15\/europa-retoma-toques-de-recolher-e-lockdowns-para-conter-covid-19\/","title":{"rendered":"Europa retoma toques de recolher e lockdowns para conter covid-19"},"content":{"rendered":"\n<p>Europa tem m\u00e9dia di\u00e1ria de novos casos em torno de 100 mil &#8211; Por Benoit Van Overstraeten e Jan Lopatka* &#8211; Rep\u00f3rteres da Reuters &#8211; Paris e Praga<\/p>\n\n\n\n<p>A Fran\u00e7a imp\u00f4s toque de recolher enquanto outros pa\u00edses europeus est\u00e3o fechando escolas, cancelando cirurgias e alistando estudantes de medicina, \u00e0 medida que as autoridades do continente enfrentam o pesadelo de uma nova onda de covid-19 com a chegada do inverno.<img decoding=\"async\" src=\"https:\/\/agenciabrasil.ebc.com.br\/ebc.png?id=1390677&amp;o=node\"><img decoding=\"async\" src=\"https:\/\/agenciabrasil.ebc.com.br\/ebc.gif?id=1390677&amp;o=node\"> Com m\u00e9dia di\u00e1ria de novos casos girando em torno de 100 mil, a Europa ultrapassou por ampla margem os Estados Unidos, onde mais de 51 mil novas infec\u00e7\u00f5es por covid-19 s\u00e3o registradas em m\u00e9dia todos os dias.\u00a0 Diante da disparada de casos na Fran\u00e7a, o presidente Emmanuel Macron anunciou a imposi\u00e7\u00e3o de toque de recolher noturno por quatro semanas, a partir do pr\u00f3ximo\u00a0s\u00e1bado\u00a0(17) em Paris e em outras grandes cidades, afetando quase um\u00a0ter\u00e7o da popula\u00e7\u00e3o do pa\u00eds, de 67 milh\u00f5es de pessoas.<\/p>\n\n\n\n<p>&#8220;Precisamos reagir&#8221;, disse Macron em entrevista na TV, acrescentando que a Fran\u00e7a ainda n\u00e3o havia perdido o controle do v\u00edrus. &#8220;Estamos em situa\u00e7\u00e3o preocupante&#8221;.&nbsp;<\/p>\n\n\n\n<p>A maioria dos governos europeus aliviou as quarentenas durante o ver\u00e3o para restabelecer suas economias, que foram prejudicadas pela primeira onda da pandemia.\u00a0 Mas o retorno \u00e0s atividades normais &#8211; desde restaurantes lotados a semestres de aulas em universidades &#8211; alimentou um surto agudo de novos casos em todo o continente.\u00a0 Bares e restaurantes foram os primeiros a serem fechados ou a enfrentar hor\u00e1rios reduzidos, de acordo com as novas medidas de\u00a0lockdown, mas a escalada do n\u00famero de novos casos tamb\u00e9m est\u00e1 testando as resolu\u00e7\u00f5es dos governos para manter o funcionamento das escolas e dos cuidados m\u00e9dicos n\u00e3o relacionados ao novo coronav\u00edrus.\u00a0 At\u00e9 o papa Francisco foi submetido \u00e0s novas regras para conter o novo coronav\u00edrus, mantendo-se distante dos\u00a0fi\u00e9is que acompanharam sua audi\u00eancia semanal nessa\u00a0quarta-feira (14).\u00a0<\/p>\n\n\n\n<p>Em Lisboa, torcedores n\u00e3o ficaram surpresos ap\u00f3s o capit\u00e3o da sele\u00e7\u00e3o portuguesa de futebol, Cristiano Ronaldo, testar positivo para o v\u00edrus, dizendo que isso apenas mostra que todos passam por risco de infec\u00e7\u00e3o &#8211; e atletas famosos n\u00e3o s\u00e3o exce\u00e7\u00e3o.\u00a0 A Rep\u00fablica Tcheca, que tem a pior taxa\u00a0<em>per capita<\/em>\u00a0de casos no continente, decretou que as escolas devem funcionar apenas com o ensino a dist\u00e2ncia e agora avalia convocar milhares de estudantes de medicina. Hospitais tamb\u00e9m est\u00e3o cancelando os procedimentos m\u00e9dicos eletivos para liberar mais leitos para o tratamento de pacientes com a doen\u00e7a.<\/p>\n\n\n\n<p>&#8220;\u00c0s vezes, estamos \u00e0 beira das l\u00e1grimas&#8221;, disse Lenka Krejcova, enfermeira-chefe do Hospital Slany, pr\u00f3ximo a Praga, enquanto construtores trabalham com pressa para transformar a se\u00e7\u00e3o de atendimentos gerais em um departamento para o tratamento do v\u00edrus.&nbsp;<\/p>\n\n\n\n<p>A Pol\u00f4nia est\u00e1 intensificando o treinamento para enfermeiras e avalia a cria\u00e7\u00e3o de hospitais militares de campanha. Moscou deve mandar mais alunos para o ensino&nbsp;<em>online<\/em>, e a Irlanda do Norte est\u00e1 fechando as escolas pelas pr\u00f3ximas duas semanas e os restaurantes pelas pr\u00f3ximas quatro.&nbsp;<\/p>\n","protected":false},"excerpt":{"rendered":"<p>Europa tem m\u00e9dia di\u00e1ria de novos casos em torno de 100 mil &#8211; Por Benoit<\/p>\n","protected":false},"author":2,"featured_media":2854,"comment_status":"open","ping_status":"open","sticky":false,"template":"","format":"standard","meta":{"footnotes":""},"categories":[22],"tags":[63,62,36,74],"class_list":["post-2853","post","type-post","status-publish","format-standard","has-post-thumbnail","hentry","category-internacional","tag-coronavirius","tag-covid","tag-europa","tag-internacional"],"_links":{"self":[{"href":"https:\/\/tvc16.com\/portal\/wp-json\/wp\/v2\/posts\/2853","targetHints":{"allow":["GET"]}}],"collection":[{"href":"https:\/\/tvc16.com\/portal\/wp-json\/wp\/v2\/posts"}],"about":[{"href":"https:\/\/tvc16.com\/portal\/wp-json\/wp\/v2\/types\/post"}],"author":[{"embeddable":true,"href":"https:\/\/tvc16.com\/portal\/wp-json\/wp\/v2\/users\/2"}],"replies":[{"embeddable":true,"href":"https:\/\/tvc16.com\/portal\/wp-json\/wp\/v2\/comments?post=2853"}],"version-history":[{"count":2,"href":"https:\/\/tvc16.com\/portal\/wp-json\/wp\/v2\/posts\/2853\/revisions"}],"predecessor-version":[{"id":2856,"href":"https:\/\/tvc16.com\/portal\/wp-json\/wp\/v2\/posts\/2853\/revisions\/2856"}],"wp:featuredmedia":[{"embeddable":true,"href":"https:\/\/tvc16.com\/portal\/wp-json\/wp\/v2\/media\/2854"}],"wp:attachment":[{"href":"https:\/\/tvc16.com\/portal\/wp-json\/wp\/v2\/media?parent=2853"}],"wp:term":[{"taxonomy":"category","embeddable":true,"href":"https:\/\/tvc16.com\/portal\/wp-json\/wp\/v2\/categories?post=2853"},{"taxonomy":"post_tag","embeddable":true,"href":"https:\/\/tvc16.com\/portal\/wp-json\/wp\/v2\/tags?post=2853"}],"curies":[{"name":"wp","href":"https:\/\/api.w.org\/{rel}","templated":true}]}}