{"id":2860,"date":"2020-10-15T21:30:50","date_gmt":"2020-10-15T21:30:50","guid":{"rendered":"https:\/\/tvc16.com\/portal\/?p=2860"},"modified":"2020-10-15T21:30:50","modified_gmt":"2020-10-15T21:30:50","slug":"tenis-de-mesa-bruna-takahashi-conquista-masters-da-espanha","status":"publish","type":"post","link":"https:\/\/tvc16.com\/portal\/2020\/10\/15\/tenis-de-mesa-bruna-takahashi-conquista-masters-da-espanha\/","title":{"rendered":"T\u00eanis de Mesa: Bruna Takahashi conquista Masters da Espanha"},"content":{"rendered":"\n<p>Este \u00e9 o primeiro t\u00edtulo da brasileira ap\u00f3s retorno das competi\u00e7\u00f5es &#8211; Por Ag\u00eancia Brasil &#8211; Rio de Janeiro<\/p>\n\n\n\n<p>Para ficar com o t\u00edtulo do torneio amistoso, promovido pela Real Federa\u00e7\u00e3o Espanhola de T\u00eanis de Mesa, Bruna superou na grande decis\u00e3o a galesa Charlotte Carey por 4 sets a 3 (parciais de 11\/6, 12\/10, 11\/7, 8\/11, 9\/11, 9\/11 e 11\/7).<\/p>\n\n\n\n<p>\u201cEstou muito feliz por ter vencido e, principalmente, voltar a jogar. Sentia falta de lutar, de batalhar. Para um primeiro campeonato depois de tanto tempo, fiz bons jogos, consegui manter a regularidade nestes tr\u00eas dias\u201d, declarou a atleta por meio de nota.<\/p>\n\n\n\n<h2 class=\"wp-block-heading\">Liga portuguesa de t\u00eanis de mesa<\/h2>\n\n\n\n<p>O pr\u00f3ximo desafio de Bruna, que defende o Sporting (Portugal), ser\u00e1 a Liga Portuguesa, que come\u00e7a em novembro.<\/p>\n\n\n\n<figure class=\"wp-block-image size-large\"><img loading=\"lazy\" decoding=\"async\" width=\"1024\" height=\"512\" src=\"https:\/\/tvc16.com\/portal\/wp-content\/uploads\/2020\/10\/EkY3Q0jWkAEUlFq-1024x512.jpg\" alt=\"\" class=\"wp-image-2861\" srcset=\"https:\/\/tvc16.com\/portal\/wp-content\/uploads\/2020\/10\/EkY3Q0jWkAEUlFq-1024x512.jpg 1024w, https:\/\/tvc16.com\/portal\/wp-content\/uploads\/2020\/10\/EkY3Q0jWkAEUlFq-300x150.jpg 300w, https:\/\/tvc16.com\/portal\/wp-content\/uploads\/2020\/10\/EkY3Q0jWkAEUlFq-768x384.jpg 768w, https:\/\/tvc16.com\/portal\/wp-content\/uploads\/2020\/10\/EkY3Q0jWkAEUlFq-1536x768.jpg 1536w, https:\/\/tvc16.com\/portal\/wp-content\/uploads\/2020\/10\/EkY3Q0jWkAEUlFq-2048x1024.jpg 2048w\" sizes=\"auto, (max-width: 1024px) 100vw, 1024px\" \/><figcaption>Divulga\u00e7\u00e3o\/Federa\u00e7\u00e3o Espanhola de T\u00eanis de mesa<\/figcaption><\/figure>\n","protected":false},"excerpt":{"rendered":"<p>Este \u00e9 o primeiro t\u00edtulo da brasileira ap\u00f3s retorno das competi\u00e7\u00f5es &#8211; Por Ag\u00eancia Brasil<\/p>\n","protected":false},"author":2,"featured_media":2863,"comment_status":"open","ping_status":"open","sticky":false,"template":"","format":"standard","meta":{"footnotes":""},"categories":[20],"tags":[91,25,90],"class_list":["post-2860","post","type-post","status-publish","format-standard","has-post-thumbnail","hentry","category-esporte","tag-bruna","tag-esporte","tag-tenis-de-mesa"],"_links":{"self":[{"href":"https:\/\/tvc16.com\/portal\/wp-json\/wp\/v2\/posts\/2860","targetHints":{"allow":["GET"]}}],"collection":[{"href":"https:\/\/tvc16.com\/portal\/wp-json\/wp\/v2\/posts"}],"about":[{"href":"https:\/\/tvc16.com\/portal\/wp-json\/wp\/v2\/types\/post"}],"author":[{"embeddable":true,"href":"https:\/\/tvc16.com\/portal\/wp-json\/wp\/v2\/users\/2"}],"replies":[{"embeddable":true,"href":"https:\/\/tvc16.com\/portal\/wp-json\/wp\/v2\/comments?post=2860"}],"version-history":[{"count":1,"href":"https:\/\/tvc16.com\/portal\/wp-json\/wp\/v2\/posts\/2860\/revisions"}],"predecessor-version":[{"id":2864,"href":"https:\/\/tvc16.com\/portal\/wp-json\/wp\/v2\/posts\/2860\/revisions\/2864"}],"wp:featuredmedia":[{"embeddable":true,"href":"https:\/\/tvc16.com\/portal\/wp-json\/wp\/v2\/media\/2863"}],"wp:attachment":[{"href":"https:\/\/tvc16.com\/portal\/wp-json\/wp\/v2\/media?parent=2860"}],"wp:term":[{"taxonomy":"category","embeddable":true,"href":"https:\/\/tvc16.com\/portal\/wp-json\/wp\/v2\/categories?post=2860"},{"taxonomy":"post_tag","embeddable":true,"href":"https:\/\/tvc16.com\/portal\/wp-json\/wp\/v2\/tags?post=2860"}],"curies":[{"name":"wp","href":"https:\/\/api.w.org\/{rel}","templated":true}]}}