{"id":2879,"date":"2020-10-15T21:59:12","date_gmt":"2020-10-15T21:59:12","guid":{"rendered":"https:\/\/tvc16.com\/portal\/?p=2879"},"modified":"2020-10-15T21:59:12","modified_gmt":"2020-10-15T21:59:12","slug":"facebook-vai-banir-propagandas-contra-vacinacao","status":"publish","type":"post","link":"https:\/\/tvc16.com\/portal\/2020\/10\/15\/facebook-vai-banir-propagandas-contra-vacinacao\/","title":{"rendered":"Facebook vai banir propagandas contra vacina\u00e7\u00e3o"},"content":{"rendered":"\n<p>O Facebook anunciou nesta semana que vai banir qualquer propaganda que busque desencorajar a vacina\u00e7\u00e3o. A rede social afirma que o objetivo \u00e9 ajudar que mensagens sobre seguran\u00e7a e efic\u00e1cia de vacinas alcancem um grupo amplo de pessoas, ao mesmo tempo em que pro\u00edbe informa\u00e7\u00f5es falsas que atrapalhem esfor\u00e7os de sa\u00fade p\u00fablica.<\/p>\n\n\n\n<p>&#8220;A pandemia de Covid-19 destacou a import\u00e2ncia de comportamentos preventivos de sa\u00fade&#8221;, escreveu o Facebook. &#8220;Continuaremos apoiando os esfor\u00e7os de vacina\u00e7\u00e3o para ajudar os usu\u00e1rios a se manterem saud\u00e1veis e seguros&#8221;, declarou. <\/p>\n\n\n\n<p>Em coopera\u00e7\u00e3o com a Organiza\u00e7\u00e3o Mundial da Sa\u00fade (OMS) e com o Centro para Controle de Doen\u00e7as (CDC) dos Estados Unidos, a plataforma j\u00e1 pro\u00edbe propagandas com not\u00edcias falsas sobre imuniza\u00e7\u00f5es. O Facebook informa que as novas regras devem come\u00e7ar a valer nos pr\u00f3ximos dias. Campanhas contra a ou a favor, leis ou pol\u00edticas p\u00fablicas relacionadas \u00e0 vacinas, incluindo a de Covid-19, ainda ser\u00e3o permitidas.<\/p>\n\n\n\n<p>&#8220;N\u00f3s regularmente melhoramos nossa abordagem em torno de an\u00fancios que s\u00e3o sobre quest\u00f5es sociais para ampliar debates e discuss\u00f5es sobre t\u00f3picos delicados&#8221;, garante a rede social.<\/p>\n\n\n\n<p>Para melhorar as taxas de vacina\u00e7\u00e3o em todo o mundo, a plataforma vai trabalhar com organiza\u00e7\u00f5es de sa\u00fade, como a OMS, para divulgar campanhas de vacina\u00e7\u00e3o. <\/p>\n\n\n\n<p>Por: CNN<\/p>\n","protected":false},"excerpt":{"rendered":"<p>O Facebook anunciou nesta semana que vai banir qualquer propaganda que busque desencorajar a vacina\u00e7\u00e3o.<\/p>\n","protected":false},"author":2,"featured_media":2880,"comment_status":"open","ping_status":"open","sticky":false,"template":"","format":"standard","meta":{"footnotes":""},"categories":[16],"tags":[62,88,96],"class_list":["post-2879","post","type-post","status-publish","format-standard","has-post-thumbnail","hentry","category-colunistas","tag-covid","tag-facebook","tag-vacinacao"],"_links":{"self":[{"href":"https:\/\/tvc16.com\/portal\/wp-json\/wp\/v2\/posts\/2879","targetHints":{"allow":["GET"]}}],"collection":[{"href":"https:\/\/tvc16.com\/portal\/wp-json\/wp\/v2\/posts"}],"about":[{"href":"https:\/\/tvc16.com\/portal\/wp-json\/wp\/v2\/types\/post"}],"author":[{"embeddable":true,"href":"https:\/\/tvc16.com\/portal\/wp-json\/wp\/v2\/users\/2"}],"replies":[{"embeddable":true,"href":"https:\/\/tvc16.com\/portal\/wp-json\/wp\/v2\/comments?post=2879"}],"version-history":[{"count":1,"href":"https:\/\/tvc16.com\/portal\/wp-json\/wp\/v2\/posts\/2879\/revisions"}],"predecessor-version":[{"id":2881,"href":"https:\/\/tvc16.com\/portal\/wp-json\/wp\/v2\/posts\/2879\/revisions\/2881"}],"wp:featuredmedia":[{"embeddable":true,"href":"https:\/\/tvc16.com\/portal\/wp-json\/wp\/v2\/media\/2880"}],"wp:attachment":[{"href":"https:\/\/tvc16.com\/portal\/wp-json\/wp\/v2\/media?parent=2879"}],"wp:term":[{"taxonomy":"category","embeddable":true,"href":"https:\/\/tvc16.com\/portal\/wp-json\/wp\/v2\/categories?post=2879"},{"taxonomy":"post_tag","embeddable":true,"href":"https:\/\/tvc16.com\/portal\/wp-json\/wp\/v2\/tags?post=2879"}],"curies":[{"name":"wp","href":"https:\/\/api.w.org\/{rel}","templated":true}]}}