{"id":2888,"date":"2020-10-16T15:15:50","date_gmt":"2020-10-16T15:15:50","guid":{"rendered":"https:\/\/tvc16.com\/portal\/?p=2888"},"modified":"2020-10-16T17:55:13","modified_gmt":"2020-10-16T17:55:13","slug":"testes-de-sifilis-sao-disponibilizados-na-praca-da-inconfidencia","status":"publish","type":"post","link":"https:\/\/tvc16.com\/portal\/2020\/10\/16\/testes-de-sifilis-sao-disponibilizados-na-praca-da-inconfidencia\/","title":{"rendered":"Testes de s\u00edfilis s\u00e3o disponibilizados na Pra\u00e7a da Inconfid\u00eancia"},"content":{"rendered":"\n<p>De acordo com a lei N\u00ba 13.430\/2017, o terceiro s\u00e1bado de outubro marca o Dia Nacional de Combate \u00e0 S\u00edfilis e \u00e0 S\u00edfilis Cong\u00eanita. Em virtude disso, durante todo o m\u00eas, a \u00c1rea T\u00e9cnica de IST\/Aids e Hepatites B e C de Petr\u00f3polis vem estimulando as unidades de sa\u00fade que realizarem a\u00e7\u00f5es de incentivo \u00e0 testagem para a s\u00edfilis.&nbsp;Por isso, nesta sexta-feira (16), a equipe da \u00c1rea T\u00e9cnica de IST\/Aids e Hepatites B e C juntamente com a equipe do Consult\u00f3rio na Rua atuam na Pra\u00e7a da Inconfid\u00eancia at\u00e9 \u00e0s 15h30 para a para a realiza\u00e7\u00e3o de testagem para s\u00edfilis e outros agravos.<\/p>\n\n\n\n<figure class=\"wp-block-image size-large\"><img loading=\"lazy\" decoding=\"async\" width=\"1024\" height=\"576\" src=\"https:\/\/tvc16.com\/portal\/wp-content\/uploads\/2020\/10\/WhatsApp-Image-2020-10-16-at-13.01.33-1024x576.jpeg\" alt=\"\" class=\"wp-image-2894\" srcset=\"https:\/\/tvc16.com\/portal\/wp-content\/uploads\/2020\/10\/WhatsApp-Image-2020-10-16-at-13.01.33-1024x576.jpeg 1024w, https:\/\/tvc16.com\/portal\/wp-content\/uploads\/2020\/10\/WhatsApp-Image-2020-10-16-at-13.01.33-300x169.jpeg 300w, https:\/\/tvc16.com\/portal\/wp-content\/uploads\/2020\/10\/WhatsApp-Image-2020-10-16-at-13.01.33-768x432.jpeg 768w, https:\/\/tvc16.com\/portal\/wp-content\/uploads\/2020\/10\/WhatsApp-Image-2020-10-16-at-13.01.33.jpeg 1280w\" sizes=\"auto, (max-width: 1024px) 100vw, 1024px\" \/><\/figure>\n\n\n\n<p><br>A s\u00edfilis \u00e9 uma infec\u00e7\u00e3o sexualmente transmiss\u00edvel (IST) causada pela bact\u00e9ria Treponema pallidum e detect\u00e1vel por meio de exames espec\u00edficos. Trata-se de uma doen\u00e7a silenciosa que pode permanecer por muito tempo no corpo humano sem que o indiv\u00edduo perceba sinais ou sintomas do agravo. Sendo assim, para o diagn\u00f3stico de tal infec\u00e7\u00e3o, \u00e9 necess\u00e1rio procurar o servi\u00e7o de sa\u00fade para a realiza\u00e7\u00e3o do teste r\u00e1pido (TR).<\/p>\n\n\n\n<p>Em Petr\u00f3polis, o TR para a s\u00edfilis est\u00e1 dispon\u00edvel nos postos, nas unidades b\u00e1sicas de sa\u00fade e na pr\u00f3pria \u00c1rea T\u00e9cnica de IST\/Aids. A s\u00edfilis cong\u00eanita \u00e9 a s\u00edfilis transmitida da m\u00e3e para o beb\u00ea durante a gesta\u00e7\u00e3o ou no parto. \u00c9 essencial lembrar que as gestantes precisam fazer o pr\u00e9-natal e realizar os exames de acordo com o protocolo estabelecido pelo Minist\u00e9rio da Sa\u00fade. \u00c9 importante fazer o TR para s\u00edfilis logo na primeira consulta e, se for o caso, realizar o tratamento.<\/p>\n\n\n\n<p>O medicamento para s\u00edfilis ultrapassa a barreira placent\u00e1ria e, desse modo, o beb\u00ea tamb\u00e9m \u00e9 tratado. Vale frisar que todo beb\u00ea nascido de m\u00e3es com s\u00edfilis faz seguimento com o infectologista pediatra at\u00e9 a obten\u00e7\u00e3o da alta m\u00e9dica.<br><br>Como todas as infec\u00e7\u00f5es de transmiss\u00e3o sexual, \u00e9 fundamental pensar nos m\u00e9todos de preven\u00e7\u00e3o. O meio mais eficiente de preven\u00e7\u00e3o \u00e0 s\u00edfilis \u00e9 o uso de preservativos (femininos ou masculinos) em qualquer rela\u00e7\u00e3o e pr\u00e1tica sexual. Todas as unidades de sa\u00fade da aten\u00e7\u00e3o b\u00e1sica do munic\u00edpio tem preservativos para disponibilizar.<\/p>\n","protected":false},"excerpt":{"rendered":"<p>De acordo com a lei N\u00ba 13.430\/2017, o terceiro s\u00e1bado de outubro marca o Dia<\/p>\n","protected":false},"author":2,"featured_media":2895,"comment_status":"open","ping_status":"open","sticky":false,"template":"","format":"standard","meta":{"footnotes":""},"categories":[12],"tags":[],"class_list":["post-2888","post","type-post","status-publish","format-standard","has-post-thumbnail","hentry","category-cidade"],"_links":{"self":[{"href":"https:\/\/tvc16.com\/portal\/wp-json\/wp\/v2\/posts\/2888","targetHints":{"allow":["GET"]}}],"collection":[{"href":"https:\/\/tvc16.com\/portal\/wp-json\/wp\/v2\/posts"}],"about":[{"href":"https:\/\/tvc16.com\/portal\/wp-json\/wp\/v2\/types\/post"}],"author":[{"embeddable":true,"href":"https:\/\/tvc16.com\/portal\/wp-json\/wp\/v2\/users\/2"}],"replies":[{"embeddable":true,"href":"https:\/\/tvc16.com\/portal\/wp-json\/wp\/v2\/comments?post=2888"}],"version-history":[{"count":2,"href":"https:\/\/tvc16.com\/portal\/wp-json\/wp\/v2\/posts\/2888\/revisions"}],"predecessor-version":[{"id":2896,"href":"https:\/\/tvc16.com\/portal\/wp-json\/wp\/v2\/posts\/2888\/revisions\/2896"}],"wp:featuredmedia":[{"embeddable":true,"href":"https:\/\/tvc16.com\/portal\/wp-json\/wp\/v2\/media\/2895"}],"wp:attachment":[{"href":"https:\/\/tvc16.com\/portal\/wp-json\/wp\/v2\/media?parent=2888"}],"wp:term":[{"taxonomy":"category","embeddable":true,"href":"https:\/\/tvc16.com\/portal\/wp-json\/wp\/v2\/categories?post=2888"},{"taxonomy":"post_tag","embeddable":true,"href":"https:\/\/tvc16.com\/portal\/wp-json\/wp\/v2\/tags?post=2888"}],"curies":[{"name":"wp","href":"https:\/\/api.w.org\/{rel}","templated":true}]}}