{"id":291,"date":"2020-09-11T00:49:22","date_gmt":"2020-09-11T00:49:22","guid":{"rendered":"https:\/\/tvc16.com\/portal\/?p=291"},"modified":"2020-09-11T00:49:22","modified_gmt":"2020-09-11T00:49:22","slug":"homens-sao-presos-e-menor-e-apreendido-em-correas","status":"publish","type":"post","link":"https:\/\/tvc16.com\/portal\/2020\/09\/11\/homens-sao-presos-e-menor-e-apreendido-em-correas\/","title":{"rendered":"Homens s\u00e3o presos e menor \u00e9 apreendido em Corr\u00eaas"},"content":{"rendered":"<p>A Pol\u00edcia Militar recebeu den\u00fancias an\u00f4nimas na quarta-feira (09) sobre a venda de drogas na Rua Nossa Senhora da Gl\u00f3ria, em Corr\u00eaas. Assim que chegaram ao endere\u00e7o indicado os agentes perceberam que seis acusados vendiam os entorpecentes. Durante a abordagem tr\u00eas deles conseguiram fugir. Apesar disso, dois homens de 21 e 24 anos foram presos e um menor de 17 anos, apreendido.<\/p>\n<p>Na a\u00e7\u00e3o os policiais encontraram com os suspeitos, 340 c\u00e1psulas de coca\u00edna (861g). No momento da pris\u00e3o, dois dos acusados acabaram lesionados e por isso foram encaminhados para a o Hospital Alcides Carneiro (HAC), onde receberam atendimento. Em seguida todos foram levados para a 105\u00aa Delegacia de Pol\u00edcia, no Retiro, onde o caso foi registrado.<\/p>\n<p>Dois dos acusados foram autuados por tr\u00e1fico, associa\u00e7\u00e3o pelo mesmo crime e corrup\u00e7\u00e3o de menores. J\u00e1 o adolescente foi autuado em fato an\u00e1logo pela venda de drogas e associa\u00e7\u00e3o criminosa. Todos permaneceram detidos.<\/p>\n","protected":false},"excerpt":{"rendered":"<p>A Pol\u00edcia Militar recebeu den\u00fancias an\u00f4nimas na quarta-feira (09) sobre a venda de drogas na<\/p>\n","protected":false},"author":1,"featured_media":292,"comment_status":"closed","ping_status":"closed","sticky":false,"template":"","format":"standard","meta":{"footnotes":""},"categories":[12],"tags":[],"class_list":["post-291","post","type-post","status-publish","format-standard","has-post-thumbnail","hentry","category-cidade"],"_links":{"self":[{"href":"https:\/\/tvc16.com\/portal\/wp-json\/wp\/v2\/posts\/291","targetHints":{"allow":["GET"]}}],"collection":[{"href":"https:\/\/tvc16.com\/portal\/wp-json\/wp\/v2\/posts"}],"about":[{"href":"https:\/\/tvc16.com\/portal\/wp-json\/wp\/v2\/types\/post"}],"author":[{"embeddable":true,"href":"https:\/\/tvc16.com\/portal\/wp-json\/wp\/v2\/users\/1"}],"replies":[{"embeddable":true,"href":"https:\/\/tvc16.com\/portal\/wp-json\/wp\/v2\/comments?post=291"}],"version-history":[{"count":1,"href":"https:\/\/tvc16.com\/portal\/wp-json\/wp\/v2\/posts\/291\/revisions"}],"predecessor-version":[{"id":293,"href":"https:\/\/tvc16.com\/portal\/wp-json\/wp\/v2\/posts\/291\/revisions\/293"}],"wp:featuredmedia":[{"embeddable":true,"href":"https:\/\/tvc16.com\/portal\/wp-json\/wp\/v2\/media\/292"}],"wp:attachment":[{"href":"https:\/\/tvc16.com\/portal\/wp-json\/wp\/v2\/media?parent=291"}],"wp:term":[{"taxonomy":"category","embeddable":true,"href":"https:\/\/tvc16.com\/portal\/wp-json\/wp\/v2\/categories?post=291"},{"taxonomy":"post_tag","embeddable":true,"href":"https:\/\/tvc16.com\/portal\/wp-json\/wp\/v2\/tags?post=291"}],"curies":[{"name":"wp","href":"https:\/\/api.w.org\/{rel}","templated":true}]}}