{"id":2912,"date":"2020-10-16T18:25:34","date_gmt":"2020-10-16T18:25:34","guid":{"rendered":"https:\/\/tvc16.com\/portal\/?p=2912"},"modified":"2020-10-16T18:25:34","modified_gmt":"2020-10-16T18:25:34","slug":"11a-edicao-do-premio-maestro-guerra-peixe-de-cultura-tera-transmissao-online","status":"publish","type":"post","link":"https:\/\/tvc16.com\/portal\/2020\/10\/16\/11a-edicao-do-premio-maestro-guerra-peixe-de-cultura-tera-transmissao-online\/","title":{"rendered":"11\u00aa edi\u00e7\u00e3o do Pr\u00eamio Maestro Guerra-Peixe de Cultura ter\u00e1 transmiss\u00e3o online"},"content":{"rendered":"\n<p>Os 40 indicados ao pr\u00eamio que se destacaram por suas atua\u00e7\u00f5es em 2019 poder\u00e3o acompanhar na tela o resultado que definir\u00e1 um vencedor em cada linguagem art\u00edstica entre as 10 categorias.<\/p>\n\n\n\n<p>A premia\u00e7\u00e3o, que foi criada em 2009, \u00e9 uma iniciativa da Prefeitura de Petr\u00f3polis, atrav\u00e9s do IMCE &#8211; Instituto Municipal de Cultura e Esportes e presta uma homenagem a um dos maiores compositores e arranjadores brasileiros, o petropolitano C\u00e9sar Guerra-Peixe.<\/p>\n\n\n\n<p>Ao contr\u00e1rio das poucas produ\u00e7\u00f5es neste ano por conta da pandemia, em 2019 foram muitas produ\u00e7\u00f5es, a maioria por conta da quantidade expressiva de editais culturais que foram lan\u00e7ados no decorrer do ano.<\/p>\n\n\n\n<p>Os projetos selecionados receberam investimentos oriundos do Fundo Municipal de Cultura, que \u00e9 gerido pelo conselho da categoria. Foram diversos eventos, festivais, mostras, espet\u00e1culos e shows. Muitos artistas contemplados puderam mostrar suas obras com uma produ\u00e7\u00e3o mais atraente e de forma democr\u00e1tica.<\/p>\n\n\n\n<p>Em fun\u00e7\u00e3o dessa profus\u00e3o, no decorrer do ano de apura\u00e7\u00e3o chegaram-se a acumular 14 pr\u00e9-indica\u00e7\u00f5es em uma das categorias, sendo que a maioria delas tamb\u00e9m somou um montante consider\u00e1vel de nomes que ao final do ano foram reduzidos aos 4 indicados por categoria.<\/p>\n\n\n\n<p>A Comiss\u00e3o Julgadora foi formada por Bete Iunes (escultora e fot\u00f3grafa), Cocco Bar\u00e7ante (artista pl\u00e1stico e produtor cultural); Gabriel Saito (ator e estilista); In\u00eas Petri (atriz, cen\u00f3grafa e produtora cultural); Lu\u00eds de Mello (ator e professor); Marcelo Fernandes (escritor e professor); Nelson Kuster (jornalista e pesquisador musical); Silvia Marques (bailarina e core\u00f3grafa) e Thiago Alves (m\u00fasico, ator e compositor).<\/p>\n\n\n\n<p>A Categoria Not\u00f3rio Reconhecimento, que premia o conjunto da obra ao longo dos anos, em 2019 escolheu a atriz petropolitana Myriam P\u00e9rsia que no decorrer dos seus 85 anos de idade construiu uma carreira not\u00e1vel atuando em muitas novelas e filmes.<\/p>\n\n\n\n<p>A cerim\u00f4nia em formato audiovisual que revelar\u00e1 os vencedores ser\u00e1 no dia 22 de outubro, \u00e0s 20h, e ser\u00e1 transmitida no canal do YouTube (https:\/\/bit.ly\/3j0SVvL).<\/p>\n\n\n\n<p>Os indicados por categoria:<\/p>\n\n\n\n<ol class=\"wp-block-list\"><li>M\u00fasica Popular: Caf\u00e9 Bordel; Metabrisa; Nego Preto; Pestana.<\/li><li>M\u00fasica Erudita: Canarinhos de Petr\u00f3polis; Orquestra de C\u00e2mara de Petr\u00f3polis (ASMB); Orquestra de C\u00e2mara do Pal\u00e1cio Itabora\u00ed; Orquestra Filarm\u00f4nica de Petr\u00f3polis.<\/li><li>Teatro: Cia Pl\u00fambea (O di\u00e1rio do \u00faltimo ato); Coletivo Foco de Teatro (Mesma Reza); Paulo Marcos (dire\u00e7\u00e3o de Morte e Vida Severina); Corpo po\u00e9tico (Poemas Poss\u00edveis para Sor\u00f4co).<\/li><li>Dan\u00e7a: Movimento Cia de Dan\u00e7a (Michael Jackson Forever); Pedrinho Alves; Thaynara Silveira &amp; Larissa Guimar\u00e3es; Tiago Cunha.<\/li><li>Artes Visuais: Betto Pereira (As Bikes de Betto); Fam\u00edlia Bortolotti (Seu h\u00e1bito muda o mundo); Coletiva Gesto de Barro (Arte Cer\u00e2mica); Helena Morani (Voc\u00ea n\u00e3o precisa se esconder).<\/li><li>Literatura: \u00c1lvaro Assis (Eutros); Drica Madeira (Lei Maria da Penha, entre a teoria e a pr\u00e1tica); F\u00e1tima Argon e Bruno Cerqueira (Alegrias e Tristezas); Sylvio Adalberto (Cora\u00e7\u00e3o na boca).<\/li><li>Comunica\u00e7\u00e3o: Carolina Freitas (Petr\u00f3polis sob Lentes \u2013 mat\u00e9ria jornal\u00edstica &#8211; blog); Cordas e M\u00fasica (site); Esquinas da Cidade (programa audiovisual \u2013 Agenda Petr\u00f3polis); Sou Petr\u00f3polis (blog).<\/li><li>Audiovisual: Aline Castella (Guarany \u2013 Eu sou o menino do Cinema Paradiso); Bia Galv\u00e3o (Nos jardins do Museu Imperial); Gr\u00e9gori Bastos e Dal\u00ed (Halloween \u2013 videoclipe); Lorran Kasesky (Rolezinho da Liberdade).<\/li><li>Produ\u00e7\u00e3o Cultural: Graph-it (Imag\u00eanese); Lilia Olmedo; Neblina Rock; Renata Garcia.<\/li><li>Categoria Especial: Ballet Heloisa Schanuel (50 anos); Casa Ztefan Sweig; Piccola Arena; Um Sarau Imperial.<\/li><li>Not\u00f3rio Reconhecimento: Myriam P\u00e9rsia.<\/li><\/ol>\n","protected":false},"excerpt":{"rendered":"<p>Os 40 indicados ao pr\u00eamio que se destacaram por suas atua\u00e7\u00f5es em 2019 poder\u00e3o acompanhar<\/p>\n","protected":false},"author":2,"featured_media":2913,"comment_status":"open","ping_status":"open","sticky":false,"template":"","format":"standard","meta":{"footnotes":""},"categories":[12],"tags":[],"class_list":["post-2912","post","type-post","status-publish","format-standard","has-post-thumbnail","hentry","category-cidade"],"_links":{"self":[{"href":"https:\/\/tvc16.com\/portal\/wp-json\/wp\/v2\/posts\/2912","targetHints":{"allow":["GET"]}}],"collection":[{"href":"https:\/\/tvc16.com\/portal\/wp-json\/wp\/v2\/posts"}],"about":[{"href":"https:\/\/tvc16.com\/portal\/wp-json\/wp\/v2\/types\/post"}],"author":[{"embeddable":true,"href":"https:\/\/tvc16.com\/portal\/wp-json\/wp\/v2\/users\/2"}],"replies":[{"embeddable":true,"href":"https:\/\/tvc16.com\/portal\/wp-json\/wp\/v2\/comments?post=2912"}],"version-history":[{"count":1,"href":"https:\/\/tvc16.com\/portal\/wp-json\/wp\/v2\/posts\/2912\/revisions"}],"predecessor-version":[{"id":2914,"href":"https:\/\/tvc16.com\/portal\/wp-json\/wp\/v2\/posts\/2912\/revisions\/2914"}],"wp:featuredmedia":[{"embeddable":true,"href":"https:\/\/tvc16.com\/portal\/wp-json\/wp\/v2\/media\/2913"}],"wp:attachment":[{"href":"https:\/\/tvc16.com\/portal\/wp-json\/wp\/v2\/media?parent=2912"}],"wp:term":[{"taxonomy":"category","embeddable":true,"href":"https:\/\/tvc16.com\/portal\/wp-json\/wp\/v2\/categories?post=2912"},{"taxonomy":"post_tag","embeddable":true,"href":"https:\/\/tvc16.com\/portal\/wp-json\/wp\/v2\/tags?post=2912"}],"curies":[{"name":"wp","href":"https:\/\/api.w.org\/{rel}","templated":true}]}}