{"id":2920,"date":"2020-10-16T18:56:26","date_gmt":"2020-10-16T18:56:26","guid":{"rendered":"https:\/\/tvc16.com\/portal\/?p=2920"},"modified":"2020-10-16T18:56:26","modified_gmt":"2020-10-16T18:56:26","slug":"premie-do-japao-promete-fazer-tudo-para-realizar-jogos-de-toquio-2021","status":"publish","type":"post","link":"https:\/\/tvc16.com\/portal\/2020\/10\/16\/premie-do-japao-promete-fazer-tudo-para-realizar-jogos-de-toquio-2021\/","title":{"rendered":"Premi\u00ea do Jap\u00e3o promete fazer tudo para realizar Jogos de T\u00f3quio 2021"},"content":{"rendered":"\n<p>Por Sakura Murakami &#8211; T\u00f3quio<\/p>\n\n\n\n<p>O primeiro-ministro&nbsp;do&nbsp;Jap\u00e3o, Yoshihide Suga, prometeu nesta sexta-feira (16) fazer &#8220;tudo&nbsp;que for preciso&#8221; pela realiza\u00e7\u00e3o da Olimp\u00edada de T\u00f3quio no ano que vem, trabalhando&nbsp;intensamente com o Comit\u00ea Ol\u00edmpico Internacional (COI) e os organizadores locais.<img decoding=\"async\" src=\"https:\/\/agenciabrasil.ebc.com.br\/ebc.png?id=1390804&amp;o=node\"><img decoding=\"async\" src=\"https:\/\/agenciabrasil.ebc.com.br\/ebc.gif?id=1390804&amp;o=node\"><\/p>\n\n\n\n<blockquote class=\"wp-block-quote is-layout-flow wp-block-quote-is-layout-flow\"><p>&#8220;Quero fazer o necess\u00e1rio para ver a Olimp\u00edada acontecer no pr\u00f3ximo ano&#8221;, disse ele \u00e0 Kyodo&nbsp;News, a maior ag\u00eancia de not\u00edcias&nbsp;do&nbsp;pa\u00eds, durante uma assembleia popular.<\/p><\/blockquote>\n\n\n\n<p>Ele tamb\u00e9m mencionou sua visita ao Vietn\u00e3 e \u00e0 Indon\u00e9sia, marcada para&nbsp;domingo (18), dizendo&nbsp;que um Indo-Pac\u00edfico livre e aberto \u00e9 &#8220;essencial&#8221; para a estabilidade da regi\u00e3o.&nbsp;A visita ser\u00e1 a primeira viagem ao exterior como&nbsp;premi\u00ea.<\/p>\n\n\n\n<p>Na assembleia popular, que tamb\u00e9m marcou seu primeiro m\u00eas no cargo, Suga acrescentou que combinar\u00e1 medidas de conten\u00e7\u00e3o&nbsp;do novo coronav\u00edrus (covid-19) com a\u00e7\u00f5es para reativar a economia.<\/p>\n","protected":false},"excerpt":{"rendered":"<p>Por Sakura Murakami &#8211; T\u00f3quio O primeiro-ministro&nbsp;do&nbsp;Jap\u00e3o, Yoshihide Suga, prometeu nesta sexta-feira (16) fazer &#8220;tudo&nbsp;que<\/p>\n","protected":false},"author":2,"featured_media":2921,"comment_status":"open","ping_status":"open","sticky":false,"template":"","format":"standard","meta":{"footnotes":""},"categories":[20],"tags":[97,54,53],"class_list":["post-2920","post","type-post","status-publish","format-standard","has-post-thumbnail","hentry","category-esporte","tag-esportes","tag-japao","tag-olimpiadas"],"_links":{"self":[{"href":"https:\/\/tvc16.com\/portal\/wp-json\/wp\/v2\/posts\/2920","targetHints":{"allow":["GET"]}}],"collection":[{"href":"https:\/\/tvc16.com\/portal\/wp-json\/wp\/v2\/posts"}],"about":[{"href":"https:\/\/tvc16.com\/portal\/wp-json\/wp\/v2\/types\/post"}],"author":[{"embeddable":true,"href":"https:\/\/tvc16.com\/portal\/wp-json\/wp\/v2\/users\/2"}],"replies":[{"embeddable":true,"href":"https:\/\/tvc16.com\/portal\/wp-json\/wp\/v2\/comments?post=2920"}],"version-history":[{"count":1,"href":"https:\/\/tvc16.com\/portal\/wp-json\/wp\/v2\/posts\/2920\/revisions"}],"predecessor-version":[{"id":2922,"href":"https:\/\/tvc16.com\/portal\/wp-json\/wp\/v2\/posts\/2920\/revisions\/2922"}],"wp:featuredmedia":[{"embeddable":true,"href":"https:\/\/tvc16.com\/portal\/wp-json\/wp\/v2\/media\/2921"}],"wp:attachment":[{"href":"https:\/\/tvc16.com\/portal\/wp-json\/wp\/v2\/media?parent=2920"}],"wp:term":[{"taxonomy":"category","embeddable":true,"href":"https:\/\/tvc16.com\/portal\/wp-json\/wp\/v2\/categories?post=2920"},{"taxonomy":"post_tag","embeddable":true,"href":"https:\/\/tvc16.com\/portal\/wp-json\/wp\/v2\/tags?post=2920"}],"curies":[{"name":"wp","href":"https:\/\/api.w.org\/{rel}","templated":true}]}}