{"id":2923,"date":"2020-10-16T19:02:43","date_gmt":"2020-10-16T19:02:43","guid":{"rendered":"https:\/\/tvc16.com\/portal\/?p=2923"},"modified":"2020-10-16T19:02:43","modified_gmt":"2020-10-16T19:02:43","slug":"primeiro-gp-de-f1-no-vietna-e-cancelado-devido-a-pandemia-de-covid-19","status":"publish","type":"post","link":"https:\/\/tvc16.com\/portal\/2020\/10\/16\/primeiro-gp-de-f1-no-vietna-e-cancelado-devido-a-pandemia-de-covid-19\/","title":{"rendered":"Primeiro GP de F1 no Vietn\u00e3 \u00e9 cancelado devido \u00e0 pandemia de covid-19"},"content":{"rendered":"\n<p>Por Lincoln Chaves &#8211; Rep\u00f3rter da TV Brasil e R\u00e1dio Nacional &#8211; S\u00e3o Paulo<\/p>\n\n\n\n<p>A F\u00f3rmula 1 anunciou nesta sexta-feira (16) o cancelamento&nbsp;do Grande Pr\u00eamio do Vietn\u00e3, o primeiro que ocorreria no pa\u00eds. A corrida seria&nbsp;em abril, mas foi suspensa em&nbsp;mar\u00e7o, devido \u00e0 pandemia do novo coronav\u00edrus (covid-19). A etapa asi\u00e1tica n\u00e3o havia sido remarcada desde a reformula\u00e7\u00e3o do calend\u00e1rio da temporada 2020, que teve a vers\u00e3o definitiva publicada em agosto.<img decoding=\"async\" src=\"https:\/\/agenciabrasil.ebc.com.br\/ebc.png?id=1390800&amp;o=node\"><img decoding=\"async\" src=\"https:\/\/agenciabrasil.ebc.com.br\/ebc.gif?id=1390800&amp;o=node\"><\/p>\n\n\n\n<p>A prova no circuito urbano na capital Han\u00f3i&nbsp;foi a 13\u00aa cancelada pela categoria em 2020. Tamb\u00e9m ficaram fora do calend\u00e1rio&nbsp;os GPS de&nbsp;Austr\u00e1lia, Azerbaij\u00e3o, Brasil, Canad\u00e1, China, Estados Unidos, Fran\u00e7a, Holanda, Jap\u00e3o, M\u00e9xico, M\u00f4naco e Singapura.<\/p>\n\n\n\n<blockquote class=\"wp-block-quote is-layout-flow wp-block-quote-is-layout-flow\"><p>&#8220;Foi uma decis\u00e3o dif\u00edcil, mas extremamente necess\u00e1ria, em raz\u00e3o da cont\u00ednua incerteza causada pela pandemia global de coronav\u00edrus&#8221;, disse a\u00a0nota oficial\u00a0divulgada pela organiza\u00e7\u00e3o.\u00a0&#8220;N\u00e3o poderemos receber a mais emocionante e prestigiada competi\u00e7\u00e3o automobil\u00edstica do planeta. Foi a \u00fanica solu\u00e7\u00e3o poss\u00edvel, ap\u00f3s revermos, cuidadosamente, todos os crit\u00e9rios de seguran\u00e7a, assim como a efici\u00eancia deles diante das atuais condi\u00e7\u00f5es. Agradecemos pelo apoio e compreens\u00e3o&#8221;, declarou o chefe-executivo do GP vietnamita, Le Ngoc Chi.<\/p><\/blockquote>\n\n\n\n<p>Segundo o Minist\u00e9rio da Sa\u00fade do Vietn\u00e3, o pa\u00eds registrou mais de 1,1 mil casos confirmados de covid-19 e 35 \u00f3bitos causados pela doen\u00e7a desde o in\u00edcio da pandemia.<\/p>\n\n\n\n<h2 class=\"wp-block-heading\">Mundial adaptado<\/h2>\n\n\n\n<figure class=\"wp-block-image size-large\"><img loading=\"lazy\" decoding=\"async\" width=\"1024\" height=\"683\" src=\"https:\/\/tvc16.com\/portal\/wp-content\/uploads\/2020\/10\/asasd-1024x683.jpg\" alt=\"\" class=\"wp-image-2924\" srcset=\"https:\/\/tvc16.com\/portal\/wp-content\/uploads\/2020\/10\/asasd-1024x683.jpg 1024w, https:\/\/tvc16.com\/portal\/wp-content\/uploads\/2020\/10\/asasd-300x200.jpg 300w, https:\/\/tvc16.com\/portal\/wp-content\/uploads\/2020\/10\/asasd-768x512.jpg 768w, https:\/\/tvc16.com\/portal\/wp-content\/uploads\/2020\/10\/asasd-900x600.jpg 900w, https:\/\/tvc16.com\/portal\/wp-content\/uploads\/2020\/10\/asasd.jpg 1434w\" sizes=\"auto, (max-width: 1024px) 100vw, 1024px\" \/><figcaption>Lewis Hamilton segue absoluto na F1 (Foto: Divulga\u00e7\u00e3o\/Mercedes)<\/figcaption><\/figure>\n\n\n\n<p>Adaptada \u00e0s restri\u00e7\u00f5es da pandemia da covid-19, a edi\u00e7\u00e3o 2020 do Mundial de F\u00f3rmula 1 tem 17 corridas programadas, em 12 pa\u00edses. A It\u00e1lia receber\u00e1 tr\u00eas provas ao todo, em tr\u00eas cidades diferentes. Al\u00e9m disso, dois dos 14 circuitos selecionados (Red Bull Ring, em Spielberg, na \u00c1ustria, e Silverstone, na Inglaterra) j\u00e1 abrigaram duas etapas.<\/p>\n\n\n\n<p>A sete GPs do fim do campeonato, o ingl\u00eas Lewis Hamilton, da Mercedes, lidera com 230 pontos, contra 161 do companheiro de equipe e finland\u00eas Valtteri Bottas. A pr\u00f3xima corrida ser\u00e1 no pr\u00f3ximo dia 25, em Portugal, no Aut\u00f3dromo Internacional do Algarve, na cidade de Portim\u00e3o.<\/p>\n","protected":false},"excerpt":{"rendered":"<p>Por Lincoln Chaves &#8211; Rep\u00f3rter da TV Brasil e R\u00e1dio Nacional &#8211; S\u00e3o Paulo A<\/p>\n","protected":false},"author":2,"featured_media":2925,"comment_status":"open","ping_status":"open","sticky":false,"template":"","format":"standard","meta":{"footnotes":""},"categories":[20],"tags":[25,98],"class_list":["post-2923","post","type-post","status-publish","format-standard","has-post-thumbnail","hentry","category-esporte","tag-esporte","tag-formula-1"],"_links":{"self":[{"href":"https:\/\/tvc16.com\/portal\/wp-json\/wp\/v2\/posts\/2923","targetHints":{"allow":["GET"]}}],"collection":[{"href":"https:\/\/tvc16.com\/portal\/wp-json\/wp\/v2\/posts"}],"about":[{"href":"https:\/\/tvc16.com\/portal\/wp-json\/wp\/v2\/types\/post"}],"author":[{"embeddable":true,"href":"https:\/\/tvc16.com\/portal\/wp-json\/wp\/v2\/users\/2"}],"replies":[{"embeddable":true,"href":"https:\/\/tvc16.com\/portal\/wp-json\/wp\/v2\/comments?post=2923"}],"version-history":[{"count":1,"href":"https:\/\/tvc16.com\/portal\/wp-json\/wp\/v2\/posts\/2923\/revisions"}],"predecessor-version":[{"id":2926,"href":"https:\/\/tvc16.com\/portal\/wp-json\/wp\/v2\/posts\/2923\/revisions\/2926"}],"wp:featuredmedia":[{"embeddable":true,"href":"https:\/\/tvc16.com\/portal\/wp-json\/wp\/v2\/media\/2925"}],"wp:attachment":[{"href":"https:\/\/tvc16.com\/portal\/wp-json\/wp\/v2\/media?parent=2923"}],"wp:term":[{"taxonomy":"category","embeddable":true,"href":"https:\/\/tvc16.com\/portal\/wp-json\/wp\/v2\/categories?post=2923"},{"taxonomy":"post_tag","embeddable":true,"href":"https:\/\/tvc16.com\/portal\/wp-json\/wp\/v2\/tags?post=2923"}],"curies":[{"name":"wp","href":"https:\/\/api.w.org\/{rel}","templated":true}]}}