{"id":2936,"date":"2020-10-16T19:17:01","date_gmt":"2020-10-16T19:17:01","guid":{"rendered":"https:\/\/tvc16.com\/portal\/?p=2936"},"modified":"2020-10-16T19:17:01","modified_gmt":"2020-10-16T19:17:01","slug":"no-dia-mundial-da-alimentacao-fao-destaca-futuro-da-migracao","status":"publish","type":"post","link":"https:\/\/tvc16.com\/portal\/2020\/10\/16\/no-dia-mundial-da-alimentacao-fao-destaca-futuro-da-migracao\/","title":{"rendered":"No Dia Mundial da Alimenta\u00e7\u00e3o, FAO destaca futuro da migra\u00e7\u00e3o"},"content":{"rendered":"\n<p>Por Denise Costa &#8211; Rep\u00f3rter da ONU News &#8211; Nova Iorque<\/p>\n\n\n\n<p>Todos os anos, a Organiza\u00e7\u00e3o das Na\u00e7\u00f5es Unidas para a Agricultura e Alimenta\u00e7\u00e3o, FAO, celebra o Dia Mundial da Alimenta\u00e7\u00e3o em 16 de outubro.<img decoding=\"async\" src=\"https:\/\/agenciabrasil.ebc.com.br\/ebc.png?id=1390808&amp;o=node\"><img decoding=\"async\" src=\"https:\/\/agenciabrasil.ebc.com.br\/ebc.gif?id=1390808&amp;o=node\"><\/p>\n\n\n\n<p>Neste dia s\u00e3o organizados eventos em mais de 150 pa\u00edses. O objetivo \u00e9 promover uma a\u00e7\u00e3o global em prol daqueles que sofrem com a fome e apelar \u00e0 garantia da seguran\u00e7a alimentar e uma dieta nutritiva para todos.<\/p>\n\n\n\n<h2 class=\"wp-block-heading\">Migra\u00e7\u00e3o<\/h2>\n\n\n\n<p>Este ano, o dia \u00e9 dedicado \u00e0 rela\u00e7\u00e3o entre migra\u00e7\u00e3o, seguran\u00e7a alimentar e agricultura. Com o tema: \u201cMude o futuro da migra\u00e7\u00e3o, invista em seguran\u00e7a alimentar e desenvolvimento rural\u201d.<\/p>\n\n\n\n<p>Em sua mensagem sobre o dia, o diretor-geral da ag\u00eancia, Jos\u00e9 Graziano da Silva, afirmou que existe um n\u00famero crescente de pessoas for\u00e7adas e migrar. Isto deve-se principalmente a conflitos, fome, pobreza, falta de acesso a recursos e ao impacto da mudan\u00e7a clim\u00e1tica.<\/p>\n\n\n\n<h2 class=\"wp-block-heading\">Comunidades<\/h2>\n\n\n\n<p>Em ingl\u00eas, Jos\u00e9 Graziano da Silva disse que a FAO procura apoiar os pa\u00edses a investirem em meios de subsist\u00eancia e em comunidades rurais mais resilientes. Desta forma, as popula\u00e7\u00f5es rurais podem ter a op\u00e7\u00e3o de ficarem na sua terra ou abandon\u00e1-la, se assim o quiserem.<\/p>\n\n\n\n<p>Para a FAO, o objetivo mundial de alcan\u00e7ar a Fome Zero at\u00e9 2030 n\u00e3o pode ser atingido sem abordar as conex\u00f5es entre a seguran\u00e7a alimentar, o desenvolvimento rural e a migra\u00e7\u00e3o.<\/p>\n\n\n\n<h2 class=\"wp-block-heading\">Zonas Rurais<\/h2>\n\n\n\n<p>O investimento em desenvolvimento rural sustent\u00e1vel, adapta\u00e7\u00e3o \u00e0 mudan\u00e7a clim\u00e1tica e meios de subsist\u00eancia resilientes nas zonas rurais \u00e9 uma parte importante da resposta mundial ao atual desafio da migra\u00e7\u00e3o.<\/p>\n\n\n\n<p>Segundo a ag\u00eancia da ONU, um grande n\u00famero de migrantes vem de \u00e1reas rurais, onde mais de 75% dos pobres e pessoas com inseguran\u00e7a alimentar dependem da agricultura de subsist\u00eancia baseada em recursos naturais.<\/p>\n\n\n\n<p>Em 2015, havia 244 milh\u00f5es de migrantes, um aumento de 40% em rela\u00e7\u00e3o ao ano de 2000. A maioria dos refugiados prov\u00e9m do M\u00e9dio Oriente e Norte da \u00c1frica, \u00c1sia Central, Am\u00e9rica Latina e Europa Oriental.<\/p>\n\n\n\n<h2 class=\"wp-block-heading\">Roma<\/h2>\n\n\n\n<p>A FAO, junto com os seus parceiros, pretende ampliar o seu trabalho para fortalecer a contribui\u00e7\u00e3o positiva dos migrantes, refugiados e deslocados internos para a redu\u00e7\u00e3o da pobreza, seguran\u00e7a alimentar e nutri\u00e7\u00e3o.<\/p>\n\n\n\n<p>Nesta segunda-feira, as celebra\u00e7\u00f5es do Dia Mundial da Alimenta\u00e7\u00e3o decorrem na sede da FAO, em Roma, contando com a participa\u00e7\u00e3o do papa Francisco e Ministros da Agricultura do grupo das sete economias mais industrializadas do mundo, G-7.<\/p>\n","protected":false},"excerpt":{"rendered":"<p>Por Denise Costa &#8211; Rep\u00f3rter da ONU News &#8211; Nova Iorque Todos os anos, a<\/p>\n","protected":false},"author":2,"featured_media":2937,"comment_status":"open","ping_status":"open","sticky":false,"template":"","format":"standard","meta":{"footnotes":""},"categories":[22],"tags":[103,74,102],"class_list":["post-2936","post","type-post","status-publish","format-standard","has-post-thumbnail","hentry","category-internacional","tag-alimentacao","tag-internacional","tag-migracao"],"_links":{"self":[{"href":"https:\/\/tvc16.com\/portal\/wp-json\/wp\/v2\/posts\/2936","targetHints":{"allow":["GET"]}}],"collection":[{"href":"https:\/\/tvc16.com\/portal\/wp-json\/wp\/v2\/posts"}],"about":[{"href":"https:\/\/tvc16.com\/portal\/wp-json\/wp\/v2\/types\/post"}],"author":[{"embeddable":true,"href":"https:\/\/tvc16.com\/portal\/wp-json\/wp\/v2\/users\/2"}],"replies":[{"embeddable":true,"href":"https:\/\/tvc16.com\/portal\/wp-json\/wp\/v2\/comments?post=2936"}],"version-history":[{"count":1,"href":"https:\/\/tvc16.com\/portal\/wp-json\/wp\/v2\/posts\/2936\/revisions"}],"predecessor-version":[{"id":2938,"href":"https:\/\/tvc16.com\/portal\/wp-json\/wp\/v2\/posts\/2936\/revisions\/2938"}],"wp:featuredmedia":[{"embeddable":true,"href":"https:\/\/tvc16.com\/portal\/wp-json\/wp\/v2\/media\/2937"}],"wp:attachment":[{"href":"https:\/\/tvc16.com\/portal\/wp-json\/wp\/v2\/media?parent=2936"}],"wp:term":[{"taxonomy":"category","embeddable":true,"href":"https:\/\/tvc16.com\/portal\/wp-json\/wp\/v2\/categories?post=2936"},{"taxonomy":"post_tag","embeddable":true,"href":"https:\/\/tvc16.com\/portal\/wp-json\/wp\/v2\/tags?post=2936"}],"curies":[{"name":"wp","href":"https:\/\/api.w.org\/{rel}","templated":true}]}}