{"id":2939,"date":"2020-10-16T19:19:07","date_gmt":"2020-10-16T19:19:07","guid":{"rendered":"https:\/\/tvc16.com\/portal\/?p=2939"},"modified":"2020-10-16T19:19:07","modified_gmt":"2020-10-16T19:19:07","slug":"e-hora-de-nos-prepararmos-para-brexit-sem-acordo-comercial-diz-premie","status":"publish","type":"post","link":"https:\/\/tvc16.com\/portal\/2020\/10\/16\/e-hora-de-nos-prepararmos-para-brexit-sem-acordo-comercial-diz-premie\/","title":{"rendered":"\u00c9 hora de nos prepararmos para Brexit sem acordo comercial, diz premi\u00ea"},"content":{"rendered":"\n<p>Por Guy Faulconbridge e William James* &#8211; Rep\u00f3rteres da Reuters &#8211; Londres<\/p>\n\n\n\n<p>O primeiro-ministro do Reino Unido, Boris Johnson, disse nesta sexta-feira (16) que \u00e9 hora de o pa\u00eds se preparar para um Brexit sem acordo comercial, j\u00e1 que a Uni\u00e3o Europeia (UE) se recusou a negociar a s\u00e9rio, e que n\u00e3o haver\u00e1 um pacto a menos que Bruxelas mude de rumo.<img decoding=\"async\" src=\"https:\/\/agenciabrasil.ebc.com.br\/ebc.png?id=1390791&amp;o=node\"><img decoding=\"async\" src=\"https:\/\/agenciabrasil.ebc.com.br\/ebc.gif?id=1390791&amp;o=node\"><\/p>\n\n\n\n<p>Uma conturbada conclus\u00e3o sem acordo para a crise da separa\u00e7\u00e3o brit\u00e2nica do bloco, que j\u00e1 dura cinco anos, semearia o caos nas fr\u00e1geis cadeias de suprimento que se estendem pelo Reino Unido, a UE e al\u00e9m disso, no momento em que o impacto econ\u00f4mico da pandemia do novo&nbsp;coronav\u00edrus se agrava.<\/p>\n\n\n\n<p>Ontem, no que deveria ter sido a &#8220;c\u00fapula do Brexit&#8221;, a UE deu um ultimato, dizendo que est\u00e1 preocupada com a falta de progresso, e conclamou o Reino Unido a ceder nos principais obst\u00e1culos ou ver uma ruptura de la\u00e7os com o bloco a partir de 1\u00ba de janeiro.<\/p>\n\n\n\n<p>&#8220;Conclu\u00ed que dever\u00edamos nos preparar para 1\u00ba de janeiro com arranjos que s\u00e3o mais parecidos com os da Austr\u00e1lia, baseados nos princ\u00edpios simples do livre com\u00e9rcio global&#8221;, disse Johnson.<\/p>\n\n\n\n<p>&#8220;A menos que haja uma mudan\u00e7a fundamental de abordagem, iremos com a solu\u00e7\u00e3o australiana. E dever\u00edamos faz\u00ea-lo com muita confian\u00e7a&#8221;.<\/p>\n\n\n\n<p>&#8220;Est\u00e1 ficando claro que a UE n\u00e3o quer fechar o tipo de acordo do Canad\u00e1 que pedimos originalmente. Parece curioso que, depois de 45 anos de nossa filia\u00e7\u00e3o, eles possam oferecer ao Canad\u00e1 termos que n\u00e3o querem nos oferecer&#8221;, acrescentou.<\/p>\n","protected":false},"excerpt":{"rendered":"<p>Por Guy Faulconbridge e William James* &#8211; Rep\u00f3rteres da Reuters &#8211; Londres O primeiro-ministro do<\/p>\n","protected":false},"author":2,"featured_media":2940,"comment_status":"open","ping_status":"open","sticky":false,"template":"","format":"standard","meta":{"footnotes":""},"categories":[22],"tags":[104,36],"class_list":["post-2939","post","type-post","status-publish","format-standard","has-post-thumbnail","hentry","category-internacional","tag-bexit","tag-europa"],"_links":{"self":[{"href":"https:\/\/tvc16.com\/portal\/wp-json\/wp\/v2\/posts\/2939","targetHints":{"allow":["GET"]}}],"collection":[{"href":"https:\/\/tvc16.com\/portal\/wp-json\/wp\/v2\/posts"}],"about":[{"href":"https:\/\/tvc16.com\/portal\/wp-json\/wp\/v2\/types\/post"}],"author":[{"embeddable":true,"href":"https:\/\/tvc16.com\/portal\/wp-json\/wp\/v2\/users\/2"}],"replies":[{"embeddable":true,"href":"https:\/\/tvc16.com\/portal\/wp-json\/wp\/v2\/comments?post=2939"}],"version-history":[{"count":1,"href":"https:\/\/tvc16.com\/portal\/wp-json\/wp\/v2\/posts\/2939\/revisions"}],"predecessor-version":[{"id":2941,"href":"https:\/\/tvc16.com\/portal\/wp-json\/wp\/v2\/posts\/2939\/revisions\/2941"}],"wp:featuredmedia":[{"embeddable":true,"href":"https:\/\/tvc16.com\/portal\/wp-json\/wp\/v2\/media\/2940"}],"wp:attachment":[{"href":"https:\/\/tvc16.com\/portal\/wp-json\/wp\/v2\/media?parent=2939"}],"wp:term":[{"taxonomy":"category","embeddable":true,"href":"https:\/\/tvc16.com\/portal\/wp-json\/wp\/v2\/categories?post=2939"},{"taxonomy":"post_tag","embeddable":true,"href":"https:\/\/tvc16.com\/portal\/wp-json\/wp\/v2\/tags?post=2939"}],"curies":[{"name":"wp","href":"https:\/\/api.w.org\/{rel}","templated":true}]}}