{"id":2946,"date":"2020-10-16T19:53:15","date_gmt":"2020-10-16T19:53:15","guid":{"rendered":"https:\/\/tvc16.com\/portal\/?p=2946"},"modified":"2020-10-16T19:53:15","modified_gmt":"2020-10-16T19:53:15","slug":"escolas-de-samba-discutem-novo-formato-para-o-carnaval-do-rio-de-janeiro","status":"publish","type":"post","link":"https:\/\/tvc16.com\/portal\/2020\/10\/16\/escolas-de-samba-discutem-novo-formato-para-o-carnaval-do-rio-de-janeiro\/","title":{"rendered":"Escolas de samba discutem novo formato para o Carnaval do Rio de Janeiro"},"content":{"rendered":"\n<p>O presidente da Liga Independente das Escolas de Samba do Rio de Janeiro (Liesa), Jorge Castanheira, se reuniu nessa quarta-feira (14) com representantes das escolas para discutir a realiza\u00e7\u00e3o de lives, que s\u00e3o transmiss\u00f5es ao vivo na internet, durante a tradicional escolha dos sambas-enredo das agremia\u00e7\u00f5es. A defini\u00e7\u00e3o do samba-enredo \u00e9 o primeiro passo para a organiza\u00e7\u00e3o do desfile na Marqu\u00eas de Sapuca\u00ed.<\/p>\n\n\n\n<p>Com a pandemia do novo coronav\u00edrus, as quadras das escolas, onde normalmente s\u00e3o realizados os concursos, est\u00e3o fechadas e a possibilidade de abertura ainda est\u00e1 sendo discutida.<\/p>\n\n\n\n<p>Na ter\u00e7a-feira (13), representantes da Liesa e membros do Comit\u00ea Cient\u00edfico da prefeitura se reuniram para discutir a libera\u00e7\u00e3o de shows e eventos nas quadras das escolas de samba. Existe a expectativa de retorno parcial das atividades na pr\u00f3xima fase de flexibiliza\u00e7\u00e3o na capital fluminense, prevista para come\u00e7ar no dia primeiro de novembro. Mas, de acordo com o presidente da Liesa, a viabilidade desse retorno ainda est\u00e1 em discuss\u00e3o. Segundo ele, na pr\u00f3xima segunda-feira (19), haver\u00e1 um encontro com membros da Fiocruz para que sejam esclarecidos o processo de desenvolvimento da vacina da Covid 19 e a situa\u00e7\u00e3o do novo coronavirus no Estado do Rio de Janeiro. \u201cSem uma perspectiva de vacina, o retorno nas quadras das escolas, mesmo com protocolos de seguran\u00e7a, n\u00e3o ser\u00e1 vi\u00e1vel\u201d, esclarece Jorge Castanheira.<\/p>\n\n\n\n<figure class=\"wp-block-image size-large\"><img loading=\"lazy\" decoding=\"async\" width=\"1024\" height=\"768\" src=\"https:\/\/tvc16.com\/portal\/wp-content\/uploads\/2020\/10\/16837_DE25224E2EE840DD-1.jpg\" alt=\"\" class=\"wp-image-2948\" srcset=\"https:\/\/tvc16.com\/portal\/wp-content\/uploads\/2020\/10\/16837_DE25224E2EE840DD-1.jpg 1024w, https:\/\/tvc16.com\/portal\/wp-content\/uploads\/2020\/10\/16837_DE25224E2EE840DD-1-300x225.jpg 300w, https:\/\/tvc16.com\/portal\/wp-content\/uploads\/2020\/10\/16837_DE25224E2EE840DD-1-768x576.jpg 768w, https:\/\/tvc16.com\/portal\/wp-content\/uploads\/2020\/10\/16837_DE25224E2EE840DD-1-200x150.jpg 200w\" sizes=\"auto, (max-width: 1024px) 100vw, 1024px\" \/><figcaption><em>Foto: Fernando Fraz\u00e3o\/Ag\u00eancia Brasil<\/em><\/figcaption><\/figure>\n\n\n\n<p>Sobre a data para o\u00a0Carnaval\u00a0do ano que vem, ainda n\u00e3o existe uma defini\u00e7\u00e3o. A festa realizada normalmente no m\u00eas de fevereiro foi adiada devido a pandemia. Citando a situa\u00e7\u00e3o da Europa, que vive uma nova onda de infec\u00e7\u00e3o da doen\u00e7a, o presidente da Liesa disse que \u00e9 preciso cautela antes da defini\u00e7\u00e3o.<\/p>\n\n\n\n<p>Os sambas-enredo, escritos por compositores e historiadores, s\u00e3o normalmente escolhidos durante concursos que duram v\u00e1rias semanas nas quadras das escolas de samba. Os eventos s\u00e3o considerados uma importante fonte de renda para as agremia\u00e7\u00f5es.<\/p>\n\n\n\n<p>Via: CNN<\/p>\n","protected":false},"excerpt":{"rendered":"<p>O presidente da Liga Independente das Escolas de Samba do Rio de Janeiro (Liesa), Jorge<\/p>\n","protected":false},"author":2,"featured_media":2949,"comment_status":"open","ping_status":"open","sticky":false,"template":"","format":"standard","meta":{"footnotes":""},"categories":[1],"tags":[108,109,86],"class_list":["post-2946","post","type-post","status-publish","format-standard","has-post-thumbnail","hentry","category-uncategorized","tag-carnaval","tag-escolas-de-samba","tag-rio-de-janeiro"],"_links":{"self":[{"href":"https:\/\/tvc16.com\/portal\/wp-json\/wp\/v2\/posts\/2946","targetHints":{"allow":["GET"]}}],"collection":[{"href":"https:\/\/tvc16.com\/portal\/wp-json\/wp\/v2\/posts"}],"about":[{"href":"https:\/\/tvc16.com\/portal\/wp-json\/wp\/v2\/types\/post"}],"author":[{"embeddable":true,"href":"https:\/\/tvc16.com\/portal\/wp-json\/wp\/v2\/users\/2"}],"replies":[{"embeddable":true,"href":"https:\/\/tvc16.com\/portal\/wp-json\/wp\/v2\/comments?post=2946"}],"version-history":[{"count":1,"href":"https:\/\/tvc16.com\/portal\/wp-json\/wp\/v2\/posts\/2946\/revisions"}],"predecessor-version":[{"id":2950,"href":"https:\/\/tvc16.com\/portal\/wp-json\/wp\/v2\/posts\/2946\/revisions\/2950"}],"wp:featuredmedia":[{"embeddable":true,"href":"https:\/\/tvc16.com\/portal\/wp-json\/wp\/v2\/media\/2949"}],"wp:attachment":[{"href":"https:\/\/tvc16.com\/portal\/wp-json\/wp\/v2\/media?parent=2946"}],"wp:term":[{"taxonomy":"category","embeddable":true,"href":"https:\/\/tvc16.com\/portal\/wp-json\/wp\/v2\/categories?post=2946"},{"taxonomy":"post_tag","embeddable":true,"href":"https:\/\/tvc16.com\/portal\/wp-json\/wp\/v2\/tags?post=2946"}],"curies":[{"name":"wp","href":"https:\/\/api.w.org\/{rel}","templated":true}]}}