{"id":2965,"date":"2020-10-17T15:05:44","date_gmt":"2020-10-17T15:05:44","guid":{"rendered":"https:\/\/tvc16.com\/portal\/?p=2965"},"modified":"2020-10-17T15:05:44","modified_gmt":"2020-10-17T15:05:44","slug":"lncc-realiza-atividades-online-a-partir-deste-sabado","status":"publish","type":"post","link":"https:\/\/tvc16.com\/portal\/2020\/10\/17\/lncc-realiza-atividades-online-a-partir-deste-sabado\/","title":{"rendered":"LNCC realiza atividades online a partir deste s\u00e1bado"},"content":{"rendered":"\n<p><\/p>\n\n\n\n<p><strong>CI\u00caNCIA E TECNOLOGIA, UM MOVIMENTO QUE ABRA\u00c7A PETR\u00d3POLI<\/strong><\/p>\n\n\n\n<p>A Semana Nacional de Ci\u00eancia e Tecnologia (SNCT) foi criada em 2004, por meio de decreto assinado pelo ent\u00e3o Presidente Luiz In\u00e1cio Lula da Silva, com o grande desafio de popularizar o conhecimento cient\u00edfico, destacando sua relev\u00e2ncia para a vida cotidiana das pessoas e para a sociedade. A ideia foi proposta pelo professor Ildeu de Castro Moreira, na \u00e9poca diretor do Departamento de Populariza\u00e7\u00e3o da C&amp;T, e foi apoiada pelo ent\u00e3o ministro da ci\u00eancia e tecnologia Eduardo Campos. Foi uma iniciativa bastante ousada, ao sugerir a realiza\u00e7\u00e3o de atividades de divulga\u00e7\u00e3o cient\u00edfica em todo o territ\u00f3rio nacional, em especial junto \u00e0s escolas e \u00e0s crian\u00e7as e jovens.<\/p>\n\n\n\n<p>Petr\u00f3polis abra\u00e7a a cultura, o conhecimento, a ci\u00eancia, tecnologia e inova\u00e7\u00e3o e essa postura parece estar impressa em sua trajet\u00f3ria hist\u00f3rica &#8211; seja no interesse de D. Pedro II pela ci\u00eancia, seja pelas cria\u00e7\u00f5es de Santos Dumont, por sua compet\u00eancia t\u00eaxtil, pelas excelentes escolas e faculdades, por sua relev\u00e2ncia hist\u00f3rica e preserva\u00e7\u00e3o da mem\u00f3ria nacional, seja pela cria\u00e7\u00e3o de seu parque tecnol\u00f3gico ou pela presen\u00e7a do maior supercomputador da Am\u00e9rica do Sul, mas especialmente, pela beleza de seu povo, que recebe com generosidade as iniciativas e se incorpora aos movimentos locais e nacionais.<\/p>\n\n\n\n<p>Em 2020, v\u00e1rias institui\u00e7\u00f5es estar\u00e3o unidas novamente em Petr\u00f3polis para a promo\u00e7\u00e3o da C, T e I.\u00a0 As atividades ser\u00e3o numerosas e a programa\u00e7\u00e3o completa pode ser vista no Portal do Serratec. <\/p>\n\n\n\n<p>Simone Santana Elias: servidora do Laborat\u00f3rio Nacional de Computa\u00e7\u00e3o Cient\u00edfico, Doutora em Hist\u00f3ria das Ci\u00eancias e Coordenadora de Educa\u00e7\u00e3o e Populariza\u00e7\u00e3o da Ci\u00eancia do Museu de Astronomia e Ci\u00eancias afins<\/p>\n\n\n\n<figure class=\"wp-block-image size-large\"><img loading=\"lazy\" decoding=\"async\" width=\"1024\" height=\"381\" src=\"https:\/\/tvc16.com\/portal\/wp-content\/uploads\/2020\/10\/lncc-1024x381.jpg\" alt=\"\" class=\"wp-image-2966\" srcset=\"https:\/\/tvc16.com\/portal\/wp-content\/uploads\/2020\/10\/lncc-1024x381.jpg 1024w, https:\/\/tvc16.com\/portal\/wp-content\/uploads\/2020\/10\/lncc-300x112.jpg 300w, https:\/\/tvc16.com\/portal\/wp-content\/uploads\/2020\/10\/lncc-768x286.jpg 768w, https:\/\/tvc16.com\/portal\/wp-content\/uploads\/2020\/10\/lncc.jpg 1220w\" sizes=\"auto, (max-width: 1024px) 100vw, 1024px\" \/><\/figure>\n","protected":false},"excerpt":{"rendered":"<p>CI\u00caNCIA E TECNOLOGIA, UM MOVIMENTO QUE ABRA\u00c7A PETR\u00d3POLI A Semana Nacional de Ci\u00eancia e Tecnologia<\/p>\n","protected":false},"author":2,"featured_media":2967,"comment_status":"open","ping_status":"open","sticky":false,"template":"","format":"standard","meta":{"footnotes":""},"categories":[12],"tags":[],"class_list":["post-2965","post","type-post","status-publish","format-standard","has-post-thumbnail","hentry","category-cidade"],"_links":{"self":[{"href":"https:\/\/tvc16.com\/portal\/wp-json\/wp\/v2\/posts\/2965","targetHints":{"allow":["GET"]}}],"collection":[{"href":"https:\/\/tvc16.com\/portal\/wp-json\/wp\/v2\/posts"}],"about":[{"href":"https:\/\/tvc16.com\/portal\/wp-json\/wp\/v2\/types\/post"}],"author":[{"embeddable":true,"href":"https:\/\/tvc16.com\/portal\/wp-json\/wp\/v2\/users\/2"}],"replies":[{"embeddable":true,"href":"https:\/\/tvc16.com\/portal\/wp-json\/wp\/v2\/comments?post=2965"}],"version-history":[{"count":1,"href":"https:\/\/tvc16.com\/portal\/wp-json\/wp\/v2\/posts\/2965\/revisions"}],"predecessor-version":[{"id":2968,"href":"https:\/\/tvc16.com\/portal\/wp-json\/wp\/v2\/posts\/2965\/revisions\/2968"}],"wp:featuredmedia":[{"embeddable":true,"href":"https:\/\/tvc16.com\/portal\/wp-json\/wp\/v2\/media\/2967"}],"wp:attachment":[{"href":"https:\/\/tvc16.com\/portal\/wp-json\/wp\/v2\/media?parent=2965"}],"wp:term":[{"taxonomy":"category","embeddable":true,"href":"https:\/\/tvc16.com\/portal\/wp-json\/wp\/v2\/categories?post=2965"},{"taxonomy":"post_tag","embeddable":true,"href":"https:\/\/tvc16.com\/portal\/wp-json\/wp\/v2\/tags?post=2965"}],"curies":[{"name":"wp","href":"https:\/\/api.w.org\/{rel}","templated":true}]}}