{"id":297,"date":"2020-09-11T00:51:36","date_gmt":"2020-09-11T00:51:36","guid":{"rendered":"https:\/\/tvc16.com\/portal\/?p=297"},"modified":"2020-09-11T00:51:36","modified_gmt":"2020-09-11T00:51:36","slug":"homem-e-preso-em-itaipava-apos-desrespeitar-medida-protetiva","status":"publish","type":"post","link":"https:\/\/tvc16.com\/portal\/2020\/09\/11\/homem-e-preso-em-itaipava-apos-desrespeitar-medida-protetiva\/","title":{"rendered":"Homem \u00e9 preso em Itaipava ap\u00f3s desrespeitar medida protetiva"},"content":{"rendered":"<p>Um homem, de 27 anos, foi preso pela Pol\u00edcia Militar, na quarta-feira (09) ap\u00f3s ser denunciado pela ex companheira, de 23 anos. De acordo com a v\u00edtima, que j\u00e1 possu\u00eda uma medida protetiva contra o acusado, ele foi at\u00e9 a resid\u00eancia dela, na Estrada Uni\u00e3o e Ind\u00fastria, em Itaipava, e fez in\u00fameras amea\u00e7as ap\u00f3s xing\u00e1-la. Diante disso, foi emitido um mandado de pris\u00e3o preventiva contra o homem, tendo em vista que ele desrespeitou a medida protetiva.<\/p>\n","protected":false},"excerpt":{"rendered":"<p>Um homem, de 27 anos, foi preso pela Pol\u00edcia Militar, na quarta-feira (09) ap\u00f3s ser<\/p>\n","protected":false},"author":1,"featured_media":298,"comment_status":"open","ping_status":"open","sticky":false,"template":"","format":"standard","meta":{"footnotes":""},"categories":[12],"tags":[],"class_list":["post-297","post","type-post","status-publish","format-standard","has-post-thumbnail","hentry","category-cidade"],"_links":{"self":[{"href":"https:\/\/tvc16.com\/portal\/wp-json\/wp\/v2\/posts\/297","targetHints":{"allow":["GET"]}}],"collection":[{"href":"https:\/\/tvc16.com\/portal\/wp-json\/wp\/v2\/posts"}],"about":[{"href":"https:\/\/tvc16.com\/portal\/wp-json\/wp\/v2\/types\/post"}],"author":[{"embeddable":true,"href":"https:\/\/tvc16.com\/portal\/wp-json\/wp\/v2\/users\/1"}],"replies":[{"embeddable":true,"href":"https:\/\/tvc16.com\/portal\/wp-json\/wp\/v2\/comments?post=297"}],"version-history":[{"count":1,"href":"https:\/\/tvc16.com\/portal\/wp-json\/wp\/v2\/posts\/297\/revisions"}],"predecessor-version":[{"id":299,"href":"https:\/\/tvc16.com\/portal\/wp-json\/wp\/v2\/posts\/297\/revisions\/299"}],"wp:featuredmedia":[{"embeddable":true,"href":"https:\/\/tvc16.com\/portal\/wp-json\/wp\/v2\/media\/298"}],"wp:attachment":[{"href":"https:\/\/tvc16.com\/portal\/wp-json\/wp\/v2\/media?parent=297"}],"wp:term":[{"taxonomy":"category","embeddable":true,"href":"https:\/\/tvc16.com\/portal\/wp-json\/wp\/v2\/categories?post=297"},{"taxonomy":"post_tag","embeddable":true,"href":"https:\/\/tvc16.com\/portal\/wp-json\/wp\/v2\/tags?post=297"}],"curies":[{"name":"wp","href":"https:\/\/api.w.org\/{rel}","templated":true}]}}