{"id":2976,"date":"2020-10-17T15:16:28","date_gmt":"2020-10-17T15:16:28","guid":{"rendered":"https:\/\/tvc16.com\/portal\/?p=2976"},"modified":"2020-10-17T15:16:28","modified_gmt":"2020-10-17T15:16:28","slug":"comandante-geral-do-corpo-de-bombeiros-visita-quarteis-nas-regioes-serrana-e-baixada-fluminense","status":"publish","type":"post","link":"https:\/\/tvc16.com\/portal\/2020\/10\/17\/comandante-geral-do-corpo-de-bombeiros-visita-quarteis-nas-regioes-serrana-e-baixada-fluminense\/","title":{"rendered":"Comandante-geral do Corpo de Bombeiros visita quart\u00e9is nas regi\u00f5es Serrana e Baixada Fluminense"},"content":{"rendered":"\n<p><br><em>Objetivo foi discutir melhorias administrativas e operacionais nas unidades de Teres\u00f3polis, Nova Friburgo e Paracambi, com foco na preven\u00e7\u00e3o aos desastres causados pelas chuvas de ver\u00e3o\u00a0<br><br><\/em><br>O secret\u00e1rio de Estado de Defesa Civil e comandante-geral do Corpo de Bombeiros Militar do Estado do Rio de Janeiro (CBMERJ), coronel Leandro Monteiro, visitou nesta sexta-feira (16\/10) os grupamentos de Teres\u00f3polis\u00a0(16\u00ba GBM) e Nova Friburgo (6\u00ba GBM), na Regi\u00e3o Serrana, e o Destacamento de Paracambi (DBM 3\/4), na Baixada Fluminense. Nos encontros, foram discutidas demandas\u00a0administrativas e operacionais das unidades, focando na preven\u00e7\u00e3o a desastres causados pelas chuvas de ver\u00e3o.\u00a0<\/p>\n\n\n\n<p>&#8211; Estamos nos preparando para que n\u00e3o sejamos surpreendidos. \u00c9 um momento&nbsp;para checarmos as necessidades. A&nbsp;tropa sinaliza os anseios, discutimos prioridades, esclarecemos d\u00favidas e&nbsp;damos orienta\u00e7\u00f5es. Cumprindo as determina\u00e7\u00f5es&nbsp;do governador em exerc\u00edcio Cl\u00e1udio Castro, j\u00e1 solicitei&nbsp;a compra imediata de botes, uniformes apropriados e EPIs (Equipamentos de Prote\u00e7\u00e3o Individual) para salvamentos em corredeiras. Outra novidade \u00e9 que o Destacamento de Paracambi ser\u00e1 ampliado e ganhar\u00e1 status de grupamento \u2013 anunciou o&nbsp;coronel Leandro Monteiro.<\/p>\n\n\n\n<p>O comandante de Nova Friburgo, tenente-coronel F\u00e1bio Gon\u00e7alves, destacou a import\u00e2ncia dos encontros.<\/p>\n\n\n\n<p>&#8211; Abordamos\u00a0assuntos de interesse, apontamos desafios e indicamos poss\u00edveis encaminhamentos para o que acreditamos ser a melhoria da presta\u00e7\u00e3o dos nossos servi\u00e7os para a popula\u00e7\u00e3o \u2013 disse o tenente-coronel.<\/p>\n\n\n\n<figure class=\"wp-block-image size-large\"><img loading=\"lazy\" decoding=\"async\" width=\"1024\" height=\"768\" src=\"https:\/\/tvc16.com\/portal\/wp-content\/uploads\/2020\/10\/Comandante-dos-Bombeiros-visita-quarteis-1024x768.jpeg\" alt=\"\" class=\"wp-image-2977\" srcset=\"https:\/\/tvc16.com\/portal\/wp-content\/uploads\/2020\/10\/Comandante-dos-Bombeiros-visita-quarteis-1024x768.jpeg 1024w, https:\/\/tvc16.com\/portal\/wp-content\/uploads\/2020\/10\/Comandante-dos-Bombeiros-visita-quarteis-300x225.jpeg 300w, https:\/\/tvc16.com\/portal\/wp-content\/uploads\/2020\/10\/Comandante-dos-Bombeiros-visita-quarteis-768x576.jpeg 768w, https:\/\/tvc16.com\/portal\/wp-content\/uploads\/2020\/10\/Comandante-dos-Bombeiros-visita-quarteis-200x150.jpeg 200w, https:\/\/tvc16.com\/portal\/wp-content\/uploads\/2020\/10\/Comandante-dos-Bombeiros-visita-quarteis.jpeg 1280w\" sizes=\"auto, (max-width: 1024px) 100vw, 1024px\" \/><\/figure>\n","protected":false},"excerpt":{"rendered":"<p>Objetivo foi discutir melhorias administrativas e operacionais nas unidades de Teres\u00f3polis, Nova Friburgo e Paracambi,<\/p>\n","protected":false},"author":2,"featured_media":2978,"comment_status":"open","ping_status":"open","sticky":false,"template":"","format":"standard","meta":{"footnotes":""},"categories":[1],"tags":[],"class_list":["post-2976","post","type-post","status-publish","format-standard","has-post-thumbnail","hentry","category-uncategorized"],"_links":{"self":[{"href":"https:\/\/tvc16.com\/portal\/wp-json\/wp\/v2\/posts\/2976","targetHints":{"allow":["GET"]}}],"collection":[{"href":"https:\/\/tvc16.com\/portal\/wp-json\/wp\/v2\/posts"}],"about":[{"href":"https:\/\/tvc16.com\/portal\/wp-json\/wp\/v2\/types\/post"}],"author":[{"embeddable":true,"href":"https:\/\/tvc16.com\/portal\/wp-json\/wp\/v2\/users\/2"}],"replies":[{"embeddable":true,"href":"https:\/\/tvc16.com\/portal\/wp-json\/wp\/v2\/comments?post=2976"}],"version-history":[{"count":1,"href":"https:\/\/tvc16.com\/portal\/wp-json\/wp\/v2\/posts\/2976\/revisions"}],"predecessor-version":[{"id":2979,"href":"https:\/\/tvc16.com\/portal\/wp-json\/wp\/v2\/posts\/2976\/revisions\/2979"}],"wp:featuredmedia":[{"embeddable":true,"href":"https:\/\/tvc16.com\/portal\/wp-json\/wp\/v2\/media\/2978"}],"wp:attachment":[{"href":"https:\/\/tvc16.com\/portal\/wp-json\/wp\/v2\/media?parent=2976"}],"wp:term":[{"taxonomy":"category","embeddable":true,"href":"https:\/\/tvc16.com\/portal\/wp-json\/wp\/v2\/categories?post=2976"},{"taxonomy":"post_tag","embeddable":true,"href":"https:\/\/tvc16.com\/portal\/wp-json\/wp\/v2\/tags?post=2976"}],"curies":[{"name":"wp","href":"https:\/\/api.w.org\/{rel}","templated":true}]}}