{"id":2980,"date":"2020-10-17T15:55:03","date_gmt":"2020-10-17T15:55:03","guid":{"rendered":"https:\/\/tvc16.com\/portal\/?p=2980"},"modified":"2020-10-17T15:55:03","modified_gmt":"2020-10-17T15:55:03","slug":"projeto-cinema-presente-patrocinado-pela-enel-leva-sessao-a-duque-de-caxias","status":"publish","type":"post","link":"https:\/\/tvc16.com\/portal\/2020\/10\/17\/projeto-cinema-presente-patrocinado-pela-enel-leva-sessao-a-duque-de-caxias\/","title":{"rendered":"Projeto Cinema Presente, patrocinado pela Enel, leva sess\u00e3o a Duque de Caxias"},"content":{"rendered":"\n<p><\/p>\n\n\n\n<ul class=\"wp-block-list\"><li><strong>Iniciativa<\/strong><strong>&nbsp;<\/strong><strong>promove a experi\u00eancia do cinema coletivo a c\u00e9u aberto, ocupando os lugares p\u00fablicos com cultura social<\/strong><\/li><\/ul>\n\n\n\n<p>O Cinema Presente na Pra\u00e7a, projeto patrocinado pela Enel Distribui\u00e7\u00e3o Rio por meio da Lei de Incentivo da Secretaria Estadual de Cultura e Economia Criativa (SECEC), levar\u00e1 neste domingo (18), a partir das 16h30, exibi\u00e7\u00f5es itinerantes e gratuitas de filmes nacionais a c\u00e9u aberto para o bairro Parque Paulista, em Duque de Caxias.<\/p>\n\n\n\n<p>Ser\u00e1 montado um grande tel\u00e3o de LED de 6 metros e disponibilizados 250 assentos em cada sess\u00e3o, definidos por ordem de chegada. A iniciativa cumpre todos os protocolos de seguran\u00e7a adotados durante a pandemia, sendo obrigat\u00f3rio o uso continuo de m\u00e1scaras e \u00e1lcool em gel antes das sess\u00f5es. Haver\u00e1 tamb\u00e9m um t\u00fanel de descontamina\u00e7\u00e3o na entrada do evento e um distanciamento de um metro entre as cadeiras.<\/p>\n\n\n\n<p>Entre os filmes que ser\u00e3o exibidos est\u00e3o: \u201cTurma da M\u00f4nica&nbsp;&#8211; La\u00e7os\u201d e \u201cUma quase dupla\u201d<\/p>\n\n\n\n<p><strong>Sobre&nbsp;<\/strong><strong>Cinema Presente na Pra\u00e7a<\/strong><strong><\/strong><\/p>\n\n\n\n<p>O&nbsp;Cinema Presente na Pra\u00e7a ter\u00e1 40 sess\u00f5es a c\u00e9u aberto de filmes brasileiros,&nbsp; 3 meses de dura\u00e7\u00e3o, com 20 munic\u00edpios contemplados&nbsp;do estado do Rio de Janeiro, sendo o maior projeto cultural no Estado esse ano. Al\u00e9m disso, o projeto \u00e9 certificado com o Selo Verde,&nbsp;j\u00e1 que opera com baixo consumo consciente de energia e a preocupa\u00e7\u00e3o com todas as embalagens usadas na execu\u00e7\u00e3o. O projeto tem a realiza\u00e7\u00e3o da FG3 Entretenimento e curadoria da Flores &amp; Filmes.<\/p>\n\n\n\n<p><strong>Sobre a Enel Distribui\u00e7\u00e3o Rio<\/strong><\/p>\n\n\n\n<p>A Enel Distribui\u00e7\u00e3o Rio, subsidi\u00e1ria da multinacional italiana Enel, atende 66 munic\u00edpios do estado do Rio de Janeiro, abrangendo 73% do territ\u00f3rio estadual, com cobertura de uma \u00e1rea de 32.188 km\u00b2. A Regi\u00e3o Metropolitana de Niter\u00f3i e S\u00e3o Gon\u00e7alo e os munic\u00edpios de Itabora\u00ed e Mag\u00e9 representam a maior concentra\u00e7\u00e3o do total de 3,1 milh\u00f5es de clientes atendidos pela companhia. A estrat\u00e9gia de atua\u00e7\u00e3o da Enel \u00e9 baseada no seu Plano de Sustentabilidade e nos compromissos assumidos com os Objetivos de Desenvolvimento Sustent\u00e1vel da Agenda 2030 da ONU.<\/p>\n\n\n\n<p><strong><u>Servi\u00e7os:<\/u><\/strong><\/p>\n\n\n\n<p><strong>Data:<\/strong>&nbsp;18 de Outubro \u2013 Domingo<\/p>\n\n\n\n<p><strong>Endere\u00e7o:<\/strong>&nbsp;Samuc\u00e3o &#8211; Parque Paulista\/ Duque de Caxias<\/p>\n\n\n\n<p><strong>Hor\u00e1rio:<\/strong>&nbsp;16h30<\/p>\n\n\n\n<p><strong>Filme:<\/strong>&nbsp;Turma da M\u00f4nica&nbsp;&#8211; La\u00e7os<\/p>\n\n\n\n<p><strong>Obs:<\/strong>&nbsp;Ser\u00e3o 250 assentos de cada sess\u00e3o, definidos por ordem de chegada.<\/p>\n\n\n\n<p><strong>Data:<\/strong>&nbsp;18 de Outubro \u2013 Domingo<\/p>\n\n\n\n<p><strong>Endere\u00e7o:<\/strong>&nbsp;Samuc\u00e3o &#8211; Parque Paulista\/ Duque de Caxias<\/p>\n\n\n\n<p><strong>Hor\u00e1rio:<\/strong>&nbsp;18h30<\/p>\n\n\n\n<p><strong>Filme:<\/strong>&nbsp;Uma quase dupla<\/p>\n\n\n\n<p><strong>Obs:<\/strong>\u00a0Ser\u00e3o 250 assentos de cada sess\u00e3o, definidos por ordem de chegada.<\/p>\n\n\n\n<figure class=\"wp-block-image size-large\"><img loading=\"lazy\" decoding=\"async\" width=\"800\" height=\"461\" src=\"https:\/\/tvc16.com\/portal\/wp-content\/uploads\/2020\/10\/spot-enel-energia-oggi-come-una-porta-7.jpg\" alt=\"\" class=\"wp-image-2981\" srcset=\"https:\/\/tvc16.com\/portal\/wp-content\/uploads\/2020\/10\/spot-enel-energia-oggi-come-una-porta-7.jpg 800w, https:\/\/tvc16.com\/portal\/wp-content\/uploads\/2020\/10\/spot-enel-energia-oggi-come-una-porta-7-300x173.jpg 300w, https:\/\/tvc16.com\/portal\/wp-content\/uploads\/2020\/10\/spot-enel-energia-oggi-come-una-porta-7-768x443.jpg 768w\" sizes=\"auto, (max-width: 800px) 100vw, 800px\" \/><\/figure>\n","protected":false},"excerpt":{"rendered":"<p>Iniciativa&nbsp;promove a experi\u00eancia do cinema coletivo a c\u00e9u aberto, ocupando os lugares p\u00fablicos com cultura<\/p>\n","protected":false},"author":2,"featured_media":2982,"comment_status":"open","ping_status":"open","sticky":false,"template":"","format":"standard","meta":{"footnotes":""},"categories":[21],"tags":[],"class_list":["post-2980","post","type-post","status-publish","format-standard","has-post-thumbnail","hentry","category-cultura"],"_links":{"self":[{"href":"https:\/\/tvc16.com\/portal\/wp-json\/wp\/v2\/posts\/2980","targetHints":{"allow":["GET"]}}],"collection":[{"href":"https:\/\/tvc16.com\/portal\/wp-json\/wp\/v2\/posts"}],"about":[{"href":"https:\/\/tvc16.com\/portal\/wp-json\/wp\/v2\/types\/post"}],"author":[{"embeddable":true,"href":"https:\/\/tvc16.com\/portal\/wp-json\/wp\/v2\/users\/2"}],"replies":[{"embeddable":true,"href":"https:\/\/tvc16.com\/portal\/wp-json\/wp\/v2\/comments?post=2980"}],"version-history":[{"count":1,"href":"https:\/\/tvc16.com\/portal\/wp-json\/wp\/v2\/posts\/2980\/revisions"}],"predecessor-version":[{"id":2983,"href":"https:\/\/tvc16.com\/portal\/wp-json\/wp\/v2\/posts\/2980\/revisions\/2983"}],"wp:featuredmedia":[{"embeddable":true,"href":"https:\/\/tvc16.com\/portal\/wp-json\/wp\/v2\/media\/2982"}],"wp:attachment":[{"href":"https:\/\/tvc16.com\/portal\/wp-json\/wp\/v2\/media?parent=2980"}],"wp:term":[{"taxonomy":"category","embeddable":true,"href":"https:\/\/tvc16.com\/portal\/wp-json\/wp\/v2\/categories?post=2980"},{"taxonomy":"post_tag","embeddable":true,"href":"https:\/\/tvc16.com\/portal\/wp-json\/wp\/v2\/tags?post=2980"}],"curies":[{"name":"wp","href":"https:\/\/api.w.org\/{rel}","templated":true}]}}